{"id":26467,"date":"2019-12-10T18:57:21","date_gmt":"2019-12-10T21:57:21","guid":{"rendered":"https:\/\/ligamercedina.com\/web\/?p=26467"},"modified":"2019-12-10T18:57:21","modified_gmt":"2019-12-10T21:57:21","slug":"torneo-federacion-vence-plazo-de-inscripcion","status":"publish","type":"post","link":"https:\/\/ligamercedina.com\/web\/torneo-federacion-vence-plazo-de-inscripcion\/","title":{"rendered":"TORNEO FEDERACION: VENCE PLAZO DE INSCRIPCION"},"content":{"rendered":"<p>Se hace saber a los clubes afiliados de Primera Divisi\u00f3n que el pr\u00f3ximo lunes vence el plazo para la confirmaci\u00f3n de instituciones que deseen participar de la pr\u00f3xima edici\u00f3n del Torneo Federaci\u00f3n Norte.  <\/p>\n","protected":false},"excerpt":{"rendered":"<p>Se hace saber a los clubes afiliados de Primera Divisi\u00f3n que el pr\u00f3ximo lunes vence el plazo para la confirmaci\u00f3n de instituciones que deseen participar de la pr\u00f3xima edici\u00f3n del Torneo Federaci\u00f3n Norte.<\/p>\n","protected":false},"author":2,"featured_media":0,"comment_status":"open","ping_status":"open","sticky":false,"template":"","format":"standard","meta":{"footnotes":""},"categories":[4],"tags":[],"class_list":["post-26467","post","type-post","status-publish","format-standard","hentry","category-informaciongeneral"],"_links":{"self":[{"href":"https:\/\/ligamercedina.com\/web\/wp-json\/wp\/v2\/posts\/26467","targetHints":{"allow":["GET"]}}],"collection":[{"href":"https:\/\/ligamercedina.com\/web\/wp-json\/wp\/v2\/posts"}],"about":[{"href":"https:\/\/ligamercedina.com\/web\/wp-json\/wp\/v2\/types\/post"}],"author":[{"embeddable":true,"href":"https:\/\/ligamercedina.com\/web\/wp-json\/wp\/v2\/users\/2"}],"replies":[{"embeddable":true,"href":"https:\/\/ligamercedina.com\/web\/wp-json\/wp\/v2\/comments?post=26467"}],"version-history":[{"count":1,"href":"https:\/\/ligamercedina.com\/web\/wp-json\/wp\/v2\/posts\/26467\/revisions"}],"predecessor-version":[{"id":26468,"href":"https:\/\/ligamercedina.com\/web\/wp-json\/wp\/v2\/posts\/26467\/revisions\/26468"}],"wp:attachment":[{"href":"https:\/\/ligamercedina.com\/web\/wp-json\/wp\/v2\/media?parent=26467"}],"wp:term":[{"taxonomy":"category","embeddable":true,"href":"https:\/\/ligamercedina.com\/web\/wp-json\/wp\/v2\/categories?post=26467"},{"taxonomy":"post_tag","embeddable":true,"href":"https:\/\/ligamercedina.com\/web\/wp-json\/wp\/v2\/tags?post=26467"}],"curies":[{"name":"wp","href":"https:\/\/api.w.org\/{rel}","templated":true}]}}