{"id":264,"date":"2007-10-21T20:05:21","date_gmt":"2007-10-21T23:05:21","guid":{"rendered":"https:\/\/ligamercedina.com\/?p=264"},"modified":"2007-10-21T20:05:21","modified_gmt":"2007-10-21T23:05:21","slug":"semana-de-reuniones-en-la-liga-mercedina","status":"publish","type":"post","link":"https:\/\/ligamercedina.com\/web\/semana-de-reuniones-en-la-liga-mercedina\/","title":{"rendered":"SEMANA DE REUNIONES EN LA LIGA MERCEDINA"},"content":{"rendered":"<p><strong>Entre hoy y el jueves, la Liga Mercedina tendr\u00e1 variada actividad administrativa.<br \/>\nEste lunes, desde las 19:30 directivos de los diferentes clubes de F\u00fatbol Infantil sostendr\u00e1n una reuni\u00f3n con el objetivo de definir futuras competencias.<\/p>\n<p>Para el martes han sido convocados a la hora 20 dirigentes de los equipos que han clasificado a los torneos de la Uni\u00f3n Regional Tres Ligas.<br \/>\nEsto quiere decir que han sido informados para que se acerquen, representantes de: Mercedes y Ateneo 94; Estudiantes y Ateneo 92; y, Mercedes \u00abA\u00bb y Mercedes 91-90.<\/p>\n<p>Finalmente, el d\u00eda jueves, dirigentes de la Liga Mercedina concurrir\u00e1n a la ciudad de San Antonio de Areco, donde presentar\u00e1n las listas de buena fe de los conjuntos juveniles que jugar\u00e1n los torneos del Tres Ligas.<\/strong><\/p>\n","protected":false},"excerpt":{"rendered":"<p>Entre hoy y el jueves, la Liga Mercedina tendr\u00e1 variada actividad administrativa. Este lunes, desde las 19:30 directivos de los diferentes clubes de F\u00fatbol Infantil sostendr\u00e1n una reuni\u00f3n con el objetivo de definir futuras competencias. Para el martes han sido convocados a la hora 20 dirigentes de los equipos que han clasificado a los torneos de la Uni\u00f3n Regional Tres<\/p>\n","protected":false},"author":1,"featured_media":0,"comment_status":"open","ping_status":"open","sticky":false,"template":"","format":"standard","meta":{"footnotes":""},"categories":[4],"tags":[],"class_list":["post-264","post","type-post","status-publish","format-standard","hentry","category-informaciongeneral"],"_links":{"self":[{"href":"https:\/\/ligamercedina.com\/web\/wp-json\/wp\/v2\/posts\/264","targetHints":{"allow":["GET"]}}],"collection":[{"href":"https:\/\/ligamercedina.com\/web\/wp-json\/wp\/v2\/posts"}],"about":[{"href":"https:\/\/ligamercedina.com\/web\/wp-json\/wp\/v2\/types\/post"}],"author":[{"embeddable":true,"href":"https:\/\/ligamercedina.com\/web\/wp-json\/wp\/v2\/users\/1"}],"replies":[{"embeddable":true,"href":"https:\/\/ligamercedina.com\/web\/wp-json\/wp\/v2\/comments?post=264"}],"version-history":[{"count":0,"href":"https:\/\/ligamercedina.com\/web\/wp-json\/wp\/v2\/posts\/264\/revisions"}],"wp:attachment":[{"href":"https:\/\/ligamercedina.com\/web\/wp-json\/wp\/v2\/media?parent=264"}],"wp:term":[{"taxonomy":"category","embeddable":true,"href":"https:\/\/ligamercedina.com\/web\/wp-json\/wp\/v2\/categories?post=264"},{"taxonomy":"post_tag","embeddable":true,"href":"https:\/\/ligamercedina.com\/web\/wp-json\/wp\/v2\/tags?post=264"}],"curies":[{"name":"wp","href":"https:\/\/api.w.org\/{rel}","templated":true}]}}