{"id":25926,"date":"2019-09-27T19:03:44","date_gmt":"2019-09-27T22:03:44","guid":{"rendered":"https:\/\/ligamercedina.com\/web\/?p=25926"},"modified":"2019-09-27T19:03:44","modified_gmt":"2019-09-27T22:03:44","slug":"futsal-preparativos-para-sumar-una-nueva-actividad-en-la-liga","status":"publish","type":"post","link":"https:\/\/ligamercedina.com\/web\/futsal-preparativos-para-sumar-una-nueva-actividad-en-la-liga\/","title":{"rendered":"FUTSAL: PREPARATIVOS PARA SUMAR UNA NUEVA ACTIVIDAD EN LA LIGA"},"content":{"rendered":"<p><strong>Se hace saber que la Comisi\u00f3n Directiva de la Liga est\u00e1 trabajando para el inicio de una nueva actividad dentro de la instituci\u00f3n: Futsal.<br \/>\nCon respecto a esto, en pocos d\u00edas se concretar\u00e1 una reuni\u00f3n para aquellas instituciones que deseen participar de los cert\u00e1menes a iniciarse. En este sentido se hace saber que de acuerdo a las directivas del Consejo Federal de AFA no solo podr\u00e1n participar instituciones que actualmente est\u00e9n afiliadas a nuestra Liga en la actualidad, sino que podr\u00e1n sumarse en calidad de ADHERENTES otras instituciones, siempre  y cuando cuenten con la debida personer\u00eda Jur\u00eddica. Asimismo, tambi\u00e9n tendr\u00e1n la posibilidad de sumarse equipos representativos de gremios, siempre y cuando cuenten con la correspondiente personer\u00eda gremial.<\/p>\n<p>Por estas horas se han comenzado las gestiones ante la Direcci\u00f3n de Deportes de la Municipalidad de Mercedes a los fines de poder contar con instalaciones adecuadas para tal disciplina, m\u00e1s all\u00e1 de otras amplias posibilidades que permite el Consejo Federal.<\/strong><\/p>\n","protected":false},"excerpt":{"rendered":"<p>Se hace saber que la Comisi\u00f3n Directiva de la Liga est\u00e1 trabajando para el inicio de una nueva actividad dentro de la instituci\u00f3n: Futsal. Con respecto a esto, en pocos d\u00edas se concretar\u00e1 una reuni\u00f3n para aquellas instituciones que deseen participar de los cert\u00e1menes a iniciarse. En este sentido se hace saber que de acuerdo a las directivas del Consejo<\/p>\n","protected":false},"author":2,"featured_media":0,"comment_status":"open","ping_status":"open","sticky":false,"template":"","format":"standard","meta":{"footnotes":""},"categories":[4],"tags":[],"class_list":["post-25926","post","type-post","status-publish","format-standard","hentry","category-informaciongeneral"],"_links":{"self":[{"href":"https:\/\/ligamercedina.com\/web\/wp-json\/wp\/v2\/posts\/25926","targetHints":{"allow":["GET"]}}],"collection":[{"href":"https:\/\/ligamercedina.com\/web\/wp-json\/wp\/v2\/posts"}],"about":[{"href":"https:\/\/ligamercedina.com\/web\/wp-json\/wp\/v2\/types\/post"}],"author":[{"embeddable":true,"href":"https:\/\/ligamercedina.com\/web\/wp-json\/wp\/v2\/users\/2"}],"replies":[{"embeddable":true,"href":"https:\/\/ligamercedina.com\/web\/wp-json\/wp\/v2\/comments?post=25926"}],"version-history":[{"count":1,"href":"https:\/\/ligamercedina.com\/web\/wp-json\/wp\/v2\/posts\/25926\/revisions"}],"predecessor-version":[{"id":25927,"href":"https:\/\/ligamercedina.com\/web\/wp-json\/wp\/v2\/posts\/25926\/revisions\/25927"}],"wp:attachment":[{"href":"https:\/\/ligamercedina.com\/web\/wp-json\/wp\/v2\/media?parent=25926"}],"wp:term":[{"taxonomy":"category","embeddable":true,"href":"https:\/\/ligamercedina.com\/web\/wp-json\/wp\/v2\/categories?post=25926"},{"taxonomy":"post_tag","embeddable":true,"href":"https:\/\/ligamercedina.com\/web\/wp-json\/wp\/v2\/tags?post=25926"}],"curies":[{"name":"wp","href":"https:\/\/api.w.org\/{rel}","templated":true}]}}