{"id":25901,"date":"2019-09-24T21:32:15","date_gmt":"2019-09-25T00:32:15","guid":{"rendered":"https:\/\/ligamercedina.com\/web\/?p=25901"},"modified":"2019-09-25T00:13:59","modified_gmt":"2019-09-25T03:13:59","slug":"horarios-para-el-fin-de-semana-180","status":"publish","type":"post","link":"https:\/\/ligamercedina.com\/web\/horarios-para-el-fin-de-semana-180\/","title":{"rendered":"HORARIOS PARA EL FIN DE SEMANA"},"content":{"rendered":"<blockquote><p><strong>PRIMERA DIVISION<\/strong><\/p><\/blockquote>\n<p><em><strong>Jueves 26 de septiembre, cancha Liga<\/strong><\/em><br \/>\n21:00 hs. Col\u00f3n Vs. El Front\u00f3n<\/p>\n<blockquote><p><strong>S\u00e1bado 28 de septiembre, cancha Pabell\u00f3n Argentino<\/strong><\/p><\/blockquote>\n<p>16:00 hs. Pabell\u00f3n Argentino Vs. Costa Brava<\/p>\n<p><em><strong>Domingo 29 de septiembre, cancha Liga <\/strong><\/em><br \/>\n11:00 hs. Trocha Vs. Defensores<br \/>\n13:00 hs. Uni\u00f3n Vs. Palometas<br \/>\n15:00 hs. Mercedes Vs. Los Carteros<br \/>\n17:00 hs. La Diego Armando Vs. AMEFIP<\/p>\n<p><em><strong>Domingo 29 de septiembre, cancha  V\u00e9lez<\/strong><\/em><br \/>\n12:00 hs. Ateneo Vs. Talleres<br \/>\n14:00 hs. Estudiantes Vs. El Tim\u00f3n<br \/>\n16:00 hs. Quilmes Vs. Atl\u00e9tico Marcos Paz <\/p>\n<p><em><strong>Domingo 29 de septiembre, cancha Juventud<\/strong><\/em><br \/>\n16:00 hs. Juventud Vs. Holanda<\/p>\n<blockquote><p><strong>RESERVA<\/strong><\/p><\/blockquote>\n<p><em><strong>Jueves 26 de septiembre, cancha Liga<\/strong><\/em><br \/>\n19:15 hs. Col\u00f3n Vs. El Front\u00f3n<\/p>\n<p><em><strong>S\u00e1bado 28 de septiembre, cancha Ateneo<\/strong><\/em><br \/>\n14:00 hs. Mercedes Vs. Los Carteros<br \/>\n15:45 hs. Ateneo Vs. Talleres<\/p>\n<p><em><strong>S\u00e1bado 28 de septiembre, cancha V\u00e9lez<\/strong><\/em><br \/>\n13:00 hs. La Diego Armando Vs. AMEFIP<br \/>\n14:45 hs. Uni\u00f3n Vs. Palometas<br \/>\n16:30 hs.  Trocha Vs. Defensores<\/p>\n<p><em><strong>S\u00e1bado 28 de septiembre, cancha Estudiantes<\/strong><\/em><br \/>\n15:30 hs. Estudiantes Vs. El Tim\u00f3n<\/p>\n<blockquote><p><strong>S\u00e1bado 28 de septiembre, cancha Pabell\u00f3n Argentino<\/strong><\/p><\/blockquote>\n<p>14:00 hs. Pabell\u00f3n Argentino Vs. Costa Brava<\/p>\n<p><em><strong>Domingo 29 de septiembre, cancha Ateneo<\/strong><\/em><br \/>\n13:00 hs. Quilmes Vs. Atl\u00e9tico Marcos Paz<\/p>\n<p><em><strong>Domingo 29 de septiembre, cancha Juventud<\/strong><\/em><br \/>\n14:00 hs. Juventud Vs. Holanda<\/p>\n<blockquote><p><strong>INFANTIL<\/strong><\/p><\/blockquote>\n<p>Juventud Vs. Holanda, Deportivo Gowland Vs. Los Carteros, Palometas Vs. Ateneo, Defensores Vs. El Front\u00f3n, Estudiantes Vs. V\u00e9lez.<br \/>\n13:00 hs. Categor\u00eda Promocional<br \/>\n14:00 hs. Categor\u00eda 2010<br \/>\n15:00 hs. Categor\u00eda 2009<br \/>\n16:00 hs. Categor\u00eda 2008<\/p>\n<p>Mercedes \u201cA\u201d Vs. Mercedes<br \/>\n14:00 hs. Categor\u00eda 2010<br \/>\n15:00 hs. Categor\u00eda 2009<br \/>\n16:00 hs. Categor\u00eda 2008<\/p>\n<blockquote><p><strong>JUVENIL<\/strong><\/p><\/blockquote>\n<p>Palometas Vs. Ateneo<br \/>\nJueves:  18:30 hs. Categor\u00eda 2005<\/p>\n<p>S\u00e1bado<br \/>\n12:00 hs. Categor\u00eda 2006<br \/>\n13.15 hs. Categor\u00eda 2007<br \/>\n14:30 hs. Categor\u00eda 2004<br \/>\n15:45 hs. Categor\u00eda 5\u00aa<\/p>\n<p>Estudiantes Vs. V\u00e9lez,<br \/>\nViernes<br \/>\n19:00 hs. Categor\u00eda 2006<br \/>\n20:15 hs. Categor\u00eda 2004<\/p>\n<p>S\u00e1bado<br \/>\n11:00 hs. Categor\u00eda 2005<br \/>\n12:15 hs. Categor\u00eda 2007<br \/>\n13:30 hs. Categor\u00eda 5\u00aa <\/p>\n<p>Quilmes Vs. Pabell\u00f3n Argentino.<br \/>\n11:00 hs. Categor\u00eda 2007<br \/>\n12:15 hs. Categor\u00eda 2006<br \/>\n13.30 hs. Categor\u00eda 2005<br \/>\n14:45 hs. Categor\u00eda 2004<br \/>\n16:00 hs. Categor\u00eda 5\u00aa<\/p>\n<p>Defensores Vs. El Front\u00f3n<br \/>\n12:00 hs. Categor\u00eda 2006<br \/>\n13.15 hs. Categor\u00eda 2007<br \/>\n14:30 hs. Categor\u00eda 2004<br \/>\n15:45 hs. Categor\u00eda 5\u00aa<\/p>\n<p>Mercedes \u201cA\u201d Vs. Mercedes<br \/>\n12:00 hs. Categor\u00eda 2006<br \/>\n13.15 hs. Categor\u00eda 2007<br \/>\n14:30 hs. Categor\u00eda 2004<br \/>\n15:45 hs. Categor\u00eda 5\u00aa<\/p>\n<p>Atl\u00e9tico Marcos Paz Vs. Los Carteros<br \/>\n11:00 hs. Categor\u00eda 2005<br \/>\n12:15 hs. Categor\u00eda 2006<br \/>\n13.30 hs. Categor\u00eda 2007<br \/>\n14:45 hs. Categor\u00eda 2004<\/p>\n<p>Postergado<br \/>\nJuventud Vs. Holanda<\/p>\n","protected":false},"excerpt":{"rendered":"<p>PRIMERA DIVISION Jueves 26 de septiembre, cancha Liga 21:00 hs. Col\u00f3n Vs. El Front\u00f3n S\u00e1bado 28 de septiembre, cancha Pabell\u00f3n Argentino 16:00 hs. Pabell\u00f3n Argentino Vs. Costa Brava Domingo 29 de septiembre, cancha Liga 11:00 hs. Trocha Vs. Defensores 13:00 hs. Uni\u00f3n Vs. Palometas 15:00 hs. Mercedes Vs. Los Carteros 17:00 hs. La Diego Armando Vs. AMEFIP Domingo 29 de<\/p>\n","protected":false},"author":2,"featured_media":0,"comment_status":"open","ping_status":"open","sticky":false,"template":"","format":"standard","meta":{"footnotes":""},"categories":[4],"tags":[],"class_list":["post-25901","post","type-post","status-publish","format-standard","hentry","category-informaciongeneral"],"_links":{"self":[{"href":"https:\/\/ligamercedina.com\/web\/wp-json\/wp\/v2\/posts\/25901","targetHints":{"allow":["GET"]}}],"collection":[{"href":"https:\/\/ligamercedina.com\/web\/wp-json\/wp\/v2\/posts"}],"about":[{"href":"https:\/\/ligamercedina.com\/web\/wp-json\/wp\/v2\/types\/post"}],"author":[{"embeddable":true,"href":"https:\/\/ligamercedina.com\/web\/wp-json\/wp\/v2\/users\/2"}],"replies":[{"embeddable":true,"href":"https:\/\/ligamercedina.com\/web\/wp-json\/wp\/v2\/comments?post=25901"}],"version-history":[{"count":5,"href":"https:\/\/ligamercedina.com\/web\/wp-json\/wp\/v2\/posts\/25901\/revisions"}],"predecessor-version":[{"id":25913,"href":"https:\/\/ligamercedina.com\/web\/wp-json\/wp\/v2\/posts\/25901\/revisions\/25913"}],"wp:attachment":[{"href":"https:\/\/ligamercedina.com\/web\/wp-json\/wp\/v2\/media?parent=25901"}],"wp:term":[{"taxonomy":"category","embeddable":true,"href":"https:\/\/ligamercedina.com\/web\/wp-json\/wp\/v2\/categories?post=25901"},{"taxonomy":"post_tag","embeddable":true,"href":"https:\/\/ligamercedina.com\/web\/wp-json\/wp\/v2\/tags?post=25901"}],"curies":[{"name":"wp","href":"https:\/\/api.w.org\/{rel}","templated":true}]}}