{"id":25886,"date":"2019-09-23T00:05:16","date_gmt":"2019-09-23T03:05:16","guid":{"rendered":"https:\/\/ligamercedina.com\/web\/?p=25886"},"modified":"2019-09-23T00:05:16","modified_gmt":"2019-09-23T03:05:16","slug":"reserva-programaciones-para-entre-semana","status":"publish","type":"post","link":"https:\/\/ligamercedina.com\/web\/reserva-programaciones-para-entre-semana\/","title":{"rendered":"RESERVA: PROGRAMACIONES PARA ENTRE SEMANA"},"content":{"rendered":"<p><em><strong>Lunes 23 de septiembre, cancha Liga Mercedina<\/strong><\/em><br \/>\n21:00 hs. La Diego Armando Vs. Los Carteros<\/p>\n<p><em><strong>Mi\u00e9rcoles 25 de septiembre, cancha Liga Mercedina<\/strong><\/em><br \/>\n20:00 hs. Defensores Vs. Talleres (Pendiente de fecha 25)<\/p>\n<p><em><strong>Jueves 26 de septiembre, cancha Liga Mercedina<\/strong><\/em><br \/>\n19:15 hs. Col\u00f3n Vs. El Front\u00f3n<\/p>\n<p><em><strong>M\u00e1s postergados<\/strong><\/em><br \/>\nA lo largo de esta semana de dar\u00e1n a conocer d\u00edas y horarios para otros partidos que est\u00e1n pendientes de la fecha 17. Los mismos se jugar\u00e1n reci\u00e9n la semana pr\u00f3xima. Son:<br \/>\nTalleres Vs. La Diego Armando<br \/>\nEstudiantes Vs. Los Carteros<br \/>\nEl Tim\u00f3n Vs. Atl\u00e9tico Marcos Paz<br \/>\nPabell\u00f3n Argentino Vs. Quilmes<\/p>\n","protected":false},"excerpt":{"rendered":"<p>Lunes 23 de septiembre, cancha Liga Mercedina 21:00 hs. La Diego Armando Vs. Los Carteros Mi\u00e9rcoles 25 de septiembre, cancha Liga Mercedina 20:00 hs. Defensores Vs. Talleres (Pendiente de fecha 25) Jueves 26 de septiembre, cancha Liga Mercedina 19:15 hs. Col\u00f3n Vs. El Front\u00f3n M\u00e1s postergados A lo largo de esta semana de dar\u00e1n a conocer d\u00edas y horarios para<\/p>\n","protected":false},"author":2,"featured_media":0,"comment_status":"open","ping_status":"open","sticky":false,"template":"","format":"standard","meta":{"footnotes":""},"categories":[4],"tags":[],"class_list":["post-25886","post","type-post","status-publish","format-standard","hentry","category-informaciongeneral"],"_links":{"self":[{"href":"https:\/\/ligamercedina.com\/web\/wp-json\/wp\/v2\/posts\/25886","targetHints":{"allow":["GET"]}}],"collection":[{"href":"https:\/\/ligamercedina.com\/web\/wp-json\/wp\/v2\/posts"}],"about":[{"href":"https:\/\/ligamercedina.com\/web\/wp-json\/wp\/v2\/types\/post"}],"author":[{"embeddable":true,"href":"https:\/\/ligamercedina.com\/web\/wp-json\/wp\/v2\/users\/2"}],"replies":[{"embeddable":true,"href":"https:\/\/ligamercedina.com\/web\/wp-json\/wp\/v2\/comments?post=25886"}],"version-history":[{"count":1,"href":"https:\/\/ligamercedina.com\/web\/wp-json\/wp\/v2\/posts\/25886\/revisions"}],"predecessor-version":[{"id":25887,"href":"https:\/\/ligamercedina.com\/web\/wp-json\/wp\/v2\/posts\/25886\/revisions\/25887"}],"wp:attachment":[{"href":"https:\/\/ligamercedina.com\/web\/wp-json\/wp\/v2\/media?parent=25886"}],"wp:term":[{"taxonomy":"category","embeddable":true,"href":"https:\/\/ligamercedina.com\/web\/wp-json\/wp\/v2\/categories?post=25886"},{"taxonomy":"post_tag","embeddable":true,"href":"https:\/\/ligamercedina.com\/web\/wp-json\/wp\/v2\/tags?post=25886"}],"curies":[{"name":"wp","href":"https:\/\/api.w.org\/{rel}","templated":true}]}}