{"id":25504,"date":"2019-08-26T17:59:41","date_gmt":"2019-08-26T20:59:41","guid":{"rendered":"https:\/\/ligamercedina.com\/web\/?p=25504"},"modified":"2019-08-26T17:59:41","modified_gmt":"2019-08-26T20:59:41","slug":"licencia","status":"publish","type":"post","link":"https:\/\/ligamercedina.com\/web\/licencia\/","title":{"rendered":"LICENCIA"},"content":{"rendered":"<p><strong>Se informa que a partir de la fecha ha solicitado licencia a su cargo el Vicepresidente de la Liga Mercedina Jorge Cerfoglio.<br \/>\nEn tal sentido, atento a los Estatutos vigentes, dicho cargo ser\u00e1 ocupado mientras dure la licencia del se\u00f1or Jorge Cerfoglio por el Vicepresidente Primero, Jos\u00e9 Alfonso.<br \/>\nTal decisi\u00f3n se le ha comunicado a quien asumir\u00e1 el cargo, mientras que el cargo de Vicepresidente Primero ser\u00e1 ocupado por Nicol\u00e1s Guarnieri.<\/p>\n<p>Esteban Marcelo (Presidente)<br \/>\nDaniel Figueredo (Secretario)<\/strong><\/p>\n","protected":false},"excerpt":{"rendered":"<p>Se informa que a partir de la fecha ha solicitado licencia a su cargo el Vicepresidente de la Liga Mercedina Jorge Cerfoglio. En tal sentido, atento a los Estatutos vigentes, dicho cargo ser\u00e1 ocupado mientras dure la licencia del se\u00f1or Jorge Cerfoglio por el Vicepresidente Primero, Jos\u00e9 Alfonso. Tal decisi\u00f3n se le ha comunicado a quien asumir\u00e1 el cargo, mientras<\/p>\n","protected":false},"author":2,"featured_media":0,"comment_status":"open","ping_status":"open","sticky":false,"template":"","format":"standard","meta":{"footnotes":""},"categories":[4],"tags":[],"class_list":["post-25504","post","type-post","status-publish","format-standard","hentry","category-informaciongeneral"],"_links":{"self":[{"href":"https:\/\/ligamercedina.com\/web\/wp-json\/wp\/v2\/posts\/25504","targetHints":{"allow":["GET"]}}],"collection":[{"href":"https:\/\/ligamercedina.com\/web\/wp-json\/wp\/v2\/posts"}],"about":[{"href":"https:\/\/ligamercedina.com\/web\/wp-json\/wp\/v2\/types\/post"}],"author":[{"embeddable":true,"href":"https:\/\/ligamercedina.com\/web\/wp-json\/wp\/v2\/users\/2"}],"replies":[{"embeddable":true,"href":"https:\/\/ligamercedina.com\/web\/wp-json\/wp\/v2\/comments?post=25504"}],"version-history":[{"count":1,"href":"https:\/\/ligamercedina.com\/web\/wp-json\/wp\/v2\/posts\/25504\/revisions"}],"predecessor-version":[{"id":25505,"href":"https:\/\/ligamercedina.com\/web\/wp-json\/wp\/v2\/posts\/25504\/revisions\/25505"}],"wp:attachment":[{"href":"https:\/\/ligamercedina.com\/web\/wp-json\/wp\/v2\/media?parent=25504"}],"wp:term":[{"taxonomy":"category","embeddable":true,"href":"https:\/\/ligamercedina.com\/web\/wp-json\/wp\/v2\/categories?post=25504"},{"taxonomy":"post_tag","embeddable":true,"href":"https:\/\/ligamercedina.com\/web\/wp-json\/wp\/v2\/tags?post=25504"}],"curies":[{"name":"wp","href":"https:\/\/api.w.org\/{rel}","templated":true}]}}