{"id":25435,"date":"2019-08-18T20:43:20","date_gmt":"2019-08-18T23:43:20","guid":{"rendered":"https:\/\/ligamercedina.com\/web\/?p=25435"},"modified":"2019-08-20T20:36:00","modified_gmt":"2019-08-20T23:36:00","slug":"adelanto-de-horarios-para-el-proximo-fin-de-semana-3","status":"publish","type":"post","link":"https:\/\/ligamercedina.com\/web\/adelanto-de-horarios-para-el-proximo-fin-de-semana-3\/","title":{"rendered":"ADELANTO DE HORARIOS PARA EL PROXIMO FIN DE SEMANA"},"content":{"rendered":"<blockquote><p><strong>PRIMERA DIVISION<\/strong><\/p><\/blockquote>\n<p><em><strong>S\u00e1bado 24 de agosto, cancha Liga Mercedina<\/strong><\/em><br \/>\n13:00 hs. La Diego Armando Vs. Quilmes<br \/>\n15:00 hs. Holanda Vs. Los Carteros FC<br \/>\n17:00 hs. Ateneo Vs. Palometas FC<br \/>\n19:00 hs. Talleres Payr\u00f3 Vs. Uni\u00f3n<\/p>\n<p><em><strong>S\u00e1bado 24 de agosto, cancha Pabell\u00f3n Argentino<\/strong><\/em><br \/>\n15:30 hs. Pabell\u00f3n Argentino Vs. Defensores Jrs.<\/p>\n<p><em><strong>S\u00e1bado 24 de agosto, cancha El Front\u00f3n<\/strong><\/em><br \/>\n15:30 hs. El Front\u00f3n Vs. Estudiantes<\/p>\n<p><em><strong>Domingo 25 de agosto, cancha Juventud<\/strong><\/em><br \/>\n15:30 hs. Juventud Vs. Col\u00f3n<\/p>\n<blockquote><p><strong>RESERVA<\/strong><\/p><\/blockquote>\n<p><em><strong>S\u00e1bado 24 de agosto, cancha Quilmes<\/strong><\/em><br \/>\n16:00 hs. La Diego Armando Vs. Quilmes<\/p>\n<p><em><strong>S\u00e1bado 24 de agosto, cancha V\u00e9lez <\/strong><\/em><br \/>\n12:30 hs. Holanda Vs. Los Carteros<br \/>\n14:15 Talleres Payr\u00f3 Vs. Uni\u00f3n<br \/>\n16:00 hs. V\u00e9lez Vs. Trocha<\/p>\n<p><em><strong>S\u00e1bado 24 de agosto, cancha El Front\u00f3n<\/strong><\/em><br \/>\n13:30 hs. El Front\u00f3n Vs. Estudiantes<\/p>\n<p><em><strong>Domingo 25 de agosto, cancha Juventud<\/strong><\/em><br \/>\n13:30 hs. Juventud Vs. Col\u00f3n<\/p>\n<p><em><strong>S\u00e1bado 24 de agosto, cancha Pabell\u00f3n Argentino<\/strong><\/em><br \/>\n13:30 hs. Pabell\u00f3n Argentino Vs. Defensores Jrs.<\/p>\n<blockquote><p><strong>INFANTIL<\/strong><\/p><\/blockquote>\n<p>Holanda Vs. Ateneo, Uni\u00f3n Vs. Mercedes, Juventud Vs. V\u00e9lez, Palometas Vs. El Front\u00f3n, Estudiantes Vs. Quilmes<br \/>\n13:00 hs. Categor\u00eda Promocional<br \/>\n14:00 hs. Categor\u00eda 2010<br \/>\n15:00 hs. Categor\u00eda 2009<br \/>\n16:00 hs. Categor\u00eda 2008<\/p>\n<p>Mercedes \u201cA\u201d Vs. Defensores Jrs.<br \/>\n13:00 hs. Categor\u00eda 2010<br \/>\n14:00 hs. Categor\u00eda 2009<br \/>\n15:00 hs. Categor\u00eda 2008<\/p>\n<blockquote><p><strong>JUVENIL<\/strong><\/p><\/blockquote>\n<p>Atl\u00e9tico Marcos Paz Vs. Pabell\u00f3n Argentino, Palometas Vs. El Front\u00f3n, Estudiantes Vs. Quilmes.<br \/>\n11:00 hs. Categor\u00eda 2005<br \/>\n12:15 hs. Categor\u00eda 2006<br \/>\n13.30 hs. Categor\u00eda 2007<br \/>\n14:45 hs. Categor\u00eda 2004<br \/>\n16:00 hs. Categor\u00eda 5\u00aa<\/p>\n<p>Juventud Vs. V\u00e9lez Sarsfield,<br \/>\n11:00 hs. Categor\u00eda 2005<br \/>\n12:15 hs. Categor\u00eda 2006<br \/>\n13.30 hs. Categor\u00eda 2007<br \/>\n14:45 hs. Categor\u00eda 5\u00aa<br \/>\nCategor\u00eda 2004 (Postergado)<\/p>\n<p>Uni\u00f3n Vs. Mercedes<br \/>\n12:00 hs. Categor\u00eda 2006<br \/>\n13.15 hs. Categor\u00eda 2007<br \/>\n14:30 hs. Categor\u00eda 5\u00aa<\/p>\n<p>Mercedes \u201cA\u201d Vs. Defensores Jrs.<br \/>\n12:00 hs. Categor\u00eda 2004<br \/>\n13:15 hs. Categor\u00eda 2007<br \/>\n14:30 hs. Categor\u00eda 2006<br \/>\n15:45 hs. Categor\u00eda 5\u00aa<\/p>\n<p>Holanda Vs. Ateneo<br \/>\n12:00 hs. Categor\u00eda 2005<br \/>\n13.15 hs. Categor\u00eda 2007<br \/>\n14:30 hs. Categor\u00eda 5\u00aa<\/p>\n","protected":false},"excerpt":{"rendered":"<p>PRIMERA DIVISION S\u00e1bado 24 de agosto, cancha Liga Mercedina 13:00 hs. La Diego Armando Vs. Quilmes 15:00 hs. Holanda Vs. Los Carteros FC 17:00 hs. Ateneo Vs. Palometas FC 19:00 hs. Talleres Payr\u00f3 Vs. Uni\u00f3n S\u00e1bado 24 de agosto, cancha Pabell\u00f3n Argentino 15:30 hs. Pabell\u00f3n Argentino Vs. Defensores Jrs. S\u00e1bado 24 de agosto, cancha El Front\u00f3n 15:30 hs. El Front\u00f3n<\/p>\n","protected":false},"author":2,"featured_media":0,"comment_status":"open","ping_status":"open","sticky":false,"template":"","format":"standard","meta":{"footnotes":""},"categories":[4],"tags":[],"class_list":["post-25435","post","type-post","status-publish","format-standard","hentry","category-informaciongeneral"],"_links":{"self":[{"href":"https:\/\/ligamercedina.com\/web\/wp-json\/wp\/v2\/posts\/25435","targetHints":{"allow":["GET"]}}],"collection":[{"href":"https:\/\/ligamercedina.com\/web\/wp-json\/wp\/v2\/posts"}],"about":[{"href":"https:\/\/ligamercedina.com\/web\/wp-json\/wp\/v2\/types\/post"}],"author":[{"embeddable":true,"href":"https:\/\/ligamercedina.com\/web\/wp-json\/wp\/v2\/users\/2"}],"replies":[{"embeddable":true,"href":"https:\/\/ligamercedina.com\/web\/wp-json\/wp\/v2\/comments?post=25435"}],"version-history":[{"count":3,"href":"https:\/\/ligamercedina.com\/web\/wp-json\/wp\/v2\/posts\/25435\/revisions"}],"predecessor-version":[{"id":25442,"href":"https:\/\/ligamercedina.com\/web\/wp-json\/wp\/v2\/posts\/25435\/revisions\/25442"}],"wp:attachment":[{"href":"https:\/\/ligamercedina.com\/web\/wp-json\/wp\/v2\/media?parent=25435"}],"wp:term":[{"taxonomy":"category","embeddable":true,"href":"https:\/\/ligamercedina.com\/web\/wp-json\/wp\/v2\/categories?post=25435"},{"taxonomy":"post_tag","embeddable":true,"href":"https:\/\/ligamercedina.com\/web\/wp-json\/wp\/v2\/tags?post=25435"}],"curies":[{"name":"wp","href":"https:\/\/api.w.org\/{rel}","templated":true}]}}