{"id":25431,"date":"2019-08-17T09:52:54","date_gmt":"2019-08-17T12:52:54","guid":{"rendered":"https:\/\/ligamercedina.com\/web\/?p=25431"},"modified":"2019-08-17T09:52:54","modified_gmt":"2019-08-17T12:52:54","slug":"primera-reserva-pabellon-argentino-defensores-suspendidos","status":"publish","type":"post","link":"https:\/\/ligamercedina.com\/web\/primera-reserva-pabellon-argentino-defensores-suspendidos\/","title":{"rendered":"PRIMERA &#8211; RESERVA: PABELLON ARGENTINO &#8211; DEFENSORES SUSPENDIDOS"},"content":{"rendered":"<blockquote><p><strong>Debido al mal estado de la cancha est\u00e1n postergados los partidos que deb\u00edan jugar hoy en Primera y Reserva los equipos de Pabell\u00f3n Argentino de Marcos Paz y Defensores Juniors.<br \/>\nM\u00e1s tarde se confirmar\u00e1 si los encuentros se juegan ma\u00f1ana.<\/strong><\/p><\/blockquote>\n","protected":false},"excerpt":{"rendered":"<p>Debido al mal estado de la cancha est\u00e1n postergados los partidos que deb\u00edan jugar hoy en Primera y Reserva los equipos de Pabell\u00f3n Argentino de Marcos Paz y Defensores Juniors. M\u00e1s tarde se confirmar\u00e1 si los encuentros se juegan ma\u00f1ana.<\/p>\n","protected":false},"author":2,"featured_media":0,"comment_status":"open","ping_status":"open","sticky":false,"template":"","format":"standard","meta":{"footnotes":""},"categories":[4],"tags":[],"class_list":["post-25431","post","type-post","status-publish","format-standard","hentry","category-informaciongeneral"],"_links":{"self":[{"href":"https:\/\/ligamercedina.com\/web\/wp-json\/wp\/v2\/posts\/25431","targetHints":{"allow":["GET"]}}],"collection":[{"href":"https:\/\/ligamercedina.com\/web\/wp-json\/wp\/v2\/posts"}],"about":[{"href":"https:\/\/ligamercedina.com\/web\/wp-json\/wp\/v2\/types\/post"}],"author":[{"embeddable":true,"href":"https:\/\/ligamercedina.com\/web\/wp-json\/wp\/v2\/users\/2"}],"replies":[{"embeddable":true,"href":"https:\/\/ligamercedina.com\/web\/wp-json\/wp\/v2\/comments?post=25431"}],"version-history":[{"count":1,"href":"https:\/\/ligamercedina.com\/web\/wp-json\/wp\/v2\/posts\/25431\/revisions"}],"predecessor-version":[{"id":25432,"href":"https:\/\/ligamercedina.com\/web\/wp-json\/wp\/v2\/posts\/25431\/revisions\/25432"}],"wp:attachment":[{"href":"https:\/\/ligamercedina.com\/web\/wp-json\/wp\/v2\/media?parent=25431"}],"wp:term":[{"taxonomy":"category","embeddable":true,"href":"https:\/\/ligamercedina.com\/web\/wp-json\/wp\/v2\/categories?post=25431"},{"taxonomy":"post_tag","embeddable":true,"href":"https:\/\/ligamercedina.com\/web\/wp-json\/wp\/v2\/tags?post=25431"}],"curies":[{"name":"wp","href":"https:\/\/api.w.org\/{rel}","templated":true}]}}