{"id":25421,"date":"2019-08-17T09:28:37","date_gmt":"2019-08-17T12:28:37","guid":{"rendered":"https:\/\/ligamercedina.com\/web\/?p=25421"},"modified":"2019-08-17T09:28:37","modified_gmt":"2019-08-17T12:28:37","slug":"primera-reserva-el-fronton-estudiantes-suspendido","status":"publish","type":"post","link":"https:\/\/ligamercedina.com\/web\/primera-reserva-el-fronton-estudiantes-suspendido\/","title":{"rendered":"PRIMERA &#8211; RESERVA: EL FRONTON &#8211; ESTUDIANTES SUSPENDIDO"},"content":{"rendered":"<p><strong>Se informa que los partidos que deb\u00edan jugarse hoy en Primera y Reserva entre los equipos de El Front\u00f3n y Estudiantes est\u00e1n suspendidos.<br \/>\nEn instantes se definir\u00e1 si pasa para ma\u00f1ana, lunes o queda pendiente.<\/strong><\/p>\n","protected":false},"excerpt":{"rendered":"<p>Se informa que los partidos que deb\u00edan jugarse hoy en Primera y Reserva entre los equipos de El Front\u00f3n y Estudiantes est\u00e1n suspendidos. En instantes se definir\u00e1 si pasa para ma\u00f1ana, lunes o queda pendiente.<\/p>\n","protected":false},"author":2,"featured_media":0,"comment_status":"open","ping_status":"open","sticky":false,"template":"","format":"standard","meta":{"footnotes":""},"categories":[4],"tags":[],"class_list":["post-25421","post","type-post","status-publish","format-standard","hentry","category-informaciongeneral"],"_links":{"self":[{"href":"https:\/\/ligamercedina.com\/web\/wp-json\/wp\/v2\/posts\/25421","targetHints":{"allow":["GET"]}}],"collection":[{"href":"https:\/\/ligamercedina.com\/web\/wp-json\/wp\/v2\/posts"}],"about":[{"href":"https:\/\/ligamercedina.com\/web\/wp-json\/wp\/v2\/types\/post"}],"author":[{"embeddable":true,"href":"https:\/\/ligamercedina.com\/web\/wp-json\/wp\/v2\/users\/2"}],"replies":[{"embeddable":true,"href":"https:\/\/ligamercedina.com\/web\/wp-json\/wp\/v2\/comments?post=25421"}],"version-history":[{"count":1,"href":"https:\/\/ligamercedina.com\/web\/wp-json\/wp\/v2\/posts\/25421\/revisions"}],"predecessor-version":[{"id":25422,"href":"https:\/\/ligamercedina.com\/web\/wp-json\/wp\/v2\/posts\/25421\/revisions\/25422"}],"wp:attachment":[{"href":"https:\/\/ligamercedina.com\/web\/wp-json\/wp\/v2\/media?parent=25421"}],"wp:term":[{"taxonomy":"category","embeddable":true,"href":"https:\/\/ligamercedina.com\/web\/wp-json\/wp\/v2\/categories?post=25421"},{"taxonomy":"post_tag","embeddable":true,"href":"https:\/\/ligamercedina.com\/web\/wp-json\/wp\/v2\/tags?post=25421"}],"curies":[{"name":"wp","href":"https:\/\/api.w.org\/{rel}","templated":true}]}}