{"id":25417,"date":"2019-08-17T07:46:11","date_gmt":"2019-08-17T10:46:11","guid":{"rendered":"https:\/\/ligamercedina.com\/web\/?p=25417"},"modified":"2019-08-17T07:46:11","modified_gmt":"2019-08-17T10:46:11","slug":"infanto-juvenil-fecha-suspendida-6","status":"publish","type":"post","link":"https:\/\/ligamercedina.com\/web\/infanto-juvenil-fecha-suspendida-6\/","title":{"rendered":"INFANTO &#8211; JUVENIL: FECHA SUSPENDIDA"},"content":{"rendered":"<p><strong>Siendo las 7.40 se informa la SUSPENSION de la jornada prevista para hoy por los torneos de inferiores.<br \/>\nTal resoluci\u00f3n se basa en que  en Marcos Paz est\u00e1 lloviendo desde hace algunas horas y la situaci\u00f3n no permite contar con el campo de juego en condiciones.<br \/>\nQue a su vez, en algunos de los partidos a jugarse en Mercedes se ten\u00eda previsto la presencia de \u00e1rbitros que viajan desde el Gran Buenos Aires y las dudas sobre el tiempo hacen que no se les pueda confirmar la realizaci\u00f3n de los juegos.<\/p>\n<p>Que hay equipos que deben trasladarse de una localidad a otra.<\/p>\n<p>Asimismo se recuerda que el Reglamento manifiesta que la suspensi\u00f3n de un solo partido marca que deba suspenderse la totalidad de la jornada.<\/strong><\/p>\n","protected":false},"excerpt":{"rendered":"<p>Siendo las 7.40 se informa la SUSPENSION de la jornada prevista para hoy por los torneos de inferiores. Tal resoluci\u00f3n se basa en que en Marcos Paz est\u00e1 lloviendo desde hace algunas horas y la situaci\u00f3n no permite contar con el campo de juego en condiciones. Que a su vez, en algunos de los partidos a jugarse en Mercedes se<\/p>\n","protected":false},"author":2,"featured_media":0,"comment_status":"open","ping_status":"open","sticky":false,"template":"","format":"standard","meta":{"footnotes":""},"categories":[4],"tags":[],"class_list":["post-25417","post","type-post","status-publish","format-standard","hentry","category-informaciongeneral"],"_links":{"self":[{"href":"https:\/\/ligamercedina.com\/web\/wp-json\/wp\/v2\/posts\/25417","targetHints":{"allow":["GET"]}}],"collection":[{"href":"https:\/\/ligamercedina.com\/web\/wp-json\/wp\/v2\/posts"}],"about":[{"href":"https:\/\/ligamercedina.com\/web\/wp-json\/wp\/v2\/types\/post"}],"author":[{"embeddable":true,"href":"https:\/\/ligamercedina.com\/web\/wp-json\/wp\/v2\/users\/2"}],"replies":[{"embeddable":true,"href":"https:\/\/ligamercedina.com\/web\/wp-json\/wp\/v2\/comments?post=25417"}],"version-history":[{"count":1,"href":"https:\/\/ligamercedina.com\/web\/wp-json\/wp\/v2\/posts\/25417\/revisions"}],"predecessor-version":[{"id":25418,"href":"https:\/\/ligamercedina.com\/web\/wp-json\/wp\/v2\/posts\/25417\/revisions\/25418"}],"wp:attachment":[{"href":"https:\/\/ligamercedina.com\/web\/wp-json\/wp\/v2\/media?parent=25417"}],"wp:term":[{"taxonomy":"category","embeddable":true,"href":"https:\/\/ligamercedina.com\/web\/wp-json\/wp\/v2\/categories?post=25417"},{"taxonomy":"post_tag","embeddable":true,"href":"https:\/\/ligamercedina.com\/web\/wp-json\/wp\/v2\/tags?post=25417"}],"curies":[{"name":"wp","href":"https:\/\/api.w.org\/{rel}","templated":true}]}}