{"id":25405,"date":"2019-08-15T19:52:59","date_gmt":"2019-08-15T22:52:59","guid":{"rendered":"https:\/\/ligamercedina.com\/web\/?p=25405"},"modified":"2019-08-15T19:52:59","modified_gmt":"2019-08-15T22:52:59","slug":"modificaciones-horarias","status":"publish","type":"post","link":"https:\/\/ligamercedina.com\/web\/modificaciones-horarias\/","title":{"rendered":"MODIFICACIONES HORARIAS"},"content":{"rendered":"<p><strong>Se hace saber que el partido entre Juventud y V\u00e9lez por Categor\u00eda 2004 se ha postergado, manteni\u00e9ndose el horario de comienzo para todos los partidos previos y adelant\u00e1ndose el de 5a.<\/p>\n<p>Asimismo, ante dicha modificaci\u00f3n tambi\u00e9n se adelantan en una hora los comienzos de los partidos entre Juventud y Col\u00f3n en Primera y Reserva<\/strong><\/p>\n","protected":false},"excerpt":{"rendered":"<p>Se hace saber que el partido entre Juventud y V\u00e9lez por Categor\u00eda 2004 se ha postergado, manteni\u00e9ndose el horario de comienzo para todos los partidos previos y adelant\u00e1ndose el de 5a. Asimismo, ante dicha modificaci\u00f3n tambi\u00e9n se adelantan en una hora los comienzos de los partidos entre Juventud y Col\u00f3n en Primera y Reserva<\/p>\n","protected":false},"author":2,"featured_media":0,"comment_status":"open","ping_status":"open","sticky":false,"template":"","format":"standard","meta":{"footnotes":""},"categories":[4],"tags":[],"class_list":["post-25405","post","type-post","status-publish","format-standard","hentry","category-informaciongeneral"],"_links":{"self":[{"href":"https:\/\/ligamercedina.com\/web\/wp-json\/wp\/v2\/posts\/25405","targetHints":{"allow":["GET"]}}],"collection":[{"href":"https:\/\/ligamercedina.com\/web\/wp-json\/wp\/v2\/posts"}],"about":[{"href":"https:\/\/ligamercedina.com\/web\/wp-json\/wp\/v2\/types\/post"}],"author":[{"embeddable":true,"href":"https:\/\/ligamercedina.com\/web\/wp-json\/wp\/v2\/users\/2"}],"replies":[{"embeddable":true,"href":"https:\/\/ligamercedina.com\/web\/wp-json\/wp\/v2\/comments?post=25405"}],"version-history":[{"count":1,"href":"https:\/\/ligamercedina.com\/web\/wp-json\/wp\/v2\/posts\/25405\/revisions"}],"predecessor-version":[{"id":25406,"href":"https:\/\/ligamercedina.com\/web\/wp-json\/wp\/v2\/posts\/25405\/revisions\/25406"}],"wp:attachment":[{"href":"https:\/\/ligamercedina.com\/web\/wp-json\/wp\/v2\/media?parent=25405"}],"wp:term":[{"taxonomy":"category","embeddable":true,"href":"https:\/\/ligamercedina.com\/web\/wp-json\/wp\/v2\/categories?post=25405"},{"taxonomy":"post_tag","embeddable":true,"href":"https:\/\/ligamercedina.com\/web\/wp-json\/wp\/v2\/tags?post=25405"}],"curies":[{"name":"wp","href":"https:\/\/api.w.org\/{rel}","templated":true}]}}