{"id":2536,"date":"2009-10-17T08:48:54","date_gmt":"2009-10-17T11:48:54","guid":{"rendered":"https:\/\/ligamercedina.com\/?p=2536"},"modified":"2009-10-17T08:48:54","modified_gmt":"2009-10-17T11:48:54","slug":"resultados-del-futbol-infantil-16","status":"publish","type":"post","link":"https:\/\/ligamercedina.com\/web\/resultados-del-futbol-infantil-16\/","title":{"rendered":"RESULTADOS DEL FUTBOL INFANTIL"},"content":{"rendered":"<blockquote><p><strong>ATENEO &#8211; QUILMES<\/strong><\/p><\/blockquote>\n<p>Categor\u00eda 2000: <strong>0 &#8211; 3<\/strong> (Bruno Ibaldi, Facundo P\u00e9rez y Gast\u00f3n Romero)<br \/>\nCategor\u00eda 99: <strong>0 &#8211; 2<\/strong> (Braian Climi\u00f1o y Nahuel Herrera)<br \/>\nCategor\u00eda 98: <strong>0 &#8211; 1<\/strong> (Mart\u00edn Casco)<br \/>\nCategor\u00eda 97: <strong>2<\/strong> (Santiago Cendoya y Enzo Medina) <strong>1<\/strong> (Franco Amaya)<br \/>\nCategor\u00eda 96: <strong>0 &#8211; 1<\/strong> (Lucas Mollo)<br \/>\nCategor\u00eda 95: <strong>0 &#8211; 1<\/strong> (Daniel Becerra)<br \/>\nCategor\u00eda 94: <strong>2<\/strong> (Lucas Centuri\u00f3n y Kevin G\u00f3mez) &#8211; <strong>1<\/strong> (Gustavo L\u00f3pez)<br \/>\nCategor\u00eda 93-92: <strong>2<\/strong> (Blas Aschero 2) &#8211; <strong>1<\/strong> (Lucas Morales)<\/p>\n<blockquote><p><strong>MERCEDES &#8211; VELEZ<\/strong><\/p><\/blockquote>\n<p>Categor\u00eda 2000: <strong>1<\/strong> (Lorenzo Piazza) &#8211; <strong>1<\/strong> (Eduardo Carrizo)<br \/>\nCategor\u00eda 99: <strong>0 &#8211; 1<\/strong> (Pedro Contreras)<br \/>\nCategor\u00eda 98: <strong>1<\/strong> (Tom\u00e1s Batoia) &#8211; <strong>1<\/strong> (Tom\u00e1s Bord\u00f3n)<br \/>\nCategor\u00eda 97: <strong>1<\/strong> (Agust\u00edn Frustoli) &#8211; <strong>1<\/strong> (Braian Cardozo)<br \/>\nCategor\u00eda 96: <strong>0 &#8211; 4<\/strong> (Rodrigo Colicigno, Nicol\u00e1s Ram\u00edrez 2 y Leandro Lucero)<br \/>\nCategor\u00eda 95: <strong>5<\/strong> (V\u00edctor Ger\u00e9z, Rodrigo Montenegro, Germ\u00e1n Puliti, Esteban Rodr\u00edguez y Germ\u00e1n Lucero) &#8211; <strong>0<\/strong><br \/>\nCategor\u00eda 94: <em><strong>Postergado<\/strong><\/em><br \/>\nCategor\u00eda 93-92: <strong>1<\/strong> (Mat\u00edas Meriles) &#8211; <strong>1<\/strong> (Lucas Atampi)<\/p>\n<blockquote><p><strong>COMUNICACIONES &#8211; EL FRONTON<\/strong><\/p><\/blockquote>\n<p>Categor\u00eda 2000: <strong>1<\/strong> (Mart\u00edn Vega)  &#8211; <strong>2<\/strong> (Joaqu\u00edn Casado y Tom\u00e1s Hazi)<br \/>\nCategor\u00eda 99: <strong>2<\/strong> (Mat\u00edas Carusi y Braian Freites) &#8211; <strong>1<\/strong> (Lucas Iribarne)<br \/>\nCategor\u00eda 98: <strong>0 &#8211; 0<\/strong><br \/>\nCategor\u00eda 97: <strong>0 &#8211; 3<\/strong> (Mat\u00edas Gaztelu)<br \/>\nCategor\u00eda 96: <strong>3<\/strong> (Argentino Alvarez, Nicol\u00e1s Paniagua y Braian Avila) &#8211; <strong>1<\/strong> (Facundo Rossi)<br \/>\nCategor\u00eda 95: <strong>1<\/strong> (Juan Romano) &#8211; <strong>5<\/strong> (Tom\u00e1s Cat\u00f3lica 2, Lucas Gaztelu y Gonzalo Morada 2)<br \/>\nCategor\u00eda 94: <strong>0 &#8211; 5<\/strong> (Pedro Carli 2, Mateo Casas, Gonzalo Farola y Juan C\u00f3rdoba)<br \/>\nCategor\u00eda 93-92: <strong>1<\/strong> (Diego Gorosito) &#8211; <strong>4<\/strong> (Franco Bava 2, Jos\u00e9 Mansilla y Maximiliano Tava)<\/p>\n<blockquote><p><strong>ESTUDIANTES &#8211; MERCEDES \u00abA\u00bb<\/strong><\/p><\/blockquote>\n<p>Categor\u00eda 2000: <strong>2<\/strong> (Franco Trapici y Juan Virto) &#8211; <strong>0<\/strong><br \/>\nCategor\u00eda 99: <strong>1<\/strong> (Tom\u00e1s Maldonado) &#8211; <strong>0<\/strong><br \/>\nCategor\u00eda 98: <strong>3<\/strong> (Agust\u00edn Barrera y Lucas Gallo 2) &#8211; <strong>1<\/strong> (Franco Troffeli)<br \/>\nCategor\u00eda 97: <strong>2<\/strong> (Ramiro Ponce y Carlos Rossi) &#8211; <strong>0<\/strong><br \/>\nCategor\u00eda 96: <strong>1<\/strong> (Marcelo Moyano) &#8211; <strong>1<\/strong> (Santiago Schnaider)<br \/>\nCategor\u00eda 95: <strong>2<\/strong> (Lucas Blanco y Juan Lombardo) &#8211; <strong>0<\/strong><br \/>\nCategor\u00eda 94: <strong>2<\/strong> (Alexander Benedetti y Nahuel Solari) &#8211; <strong>0<\/strong><br \/>\nCategor\u00eda 93-92: <strong>3<\/strong> (Nicol\u00e1s Ledesma, Agust\u00edn Luna y Juan Uviz) &#8211; <strong>1<\/strong> (Juli\u00e1n Lussello)<\/p>\n<blockquote><p><strong>JUVENTUD &#8211; UNION<\/strong><\/p><\/blockquote>\n<p>Categor\u00eda 2000: <strong>4<\/strong> (Eli\u00e1n Larregina 2 y Franco Taborda 2) &#8211; <strong>0<\/strong><br \/>\nCategor\u00eda 99: <strong>2<\/strong> (Tom\u00e1s Burnes 2) &#8211; <strong>0<\/strong><br \/>\nCategor\u00eda 98: <strong>2<\/strong> (Juli\u00e1n G\u00f3mez y Alan Pelli) &#8211; <strong>0<\/strong><br \/>\nCategor\u00eda 97: <strong>0 &#8211; 1<\/strong> (Emiliano Saavedra)<\/p>\n","protected":false},"excerpt":{"rendered":"<p>ATENEO &#8211; QUILMES Categor\u00eda 2000: 0 &#8211; 3 (Bruno Ibaldi, Facundo P\u00e9rez y Gast\u00f3n Romero) Categor\u00eda 99: 0 &#8211; 2 (Braian Climi\u00f1o y Nahuel Herrera) Categor\u00eda 98: 0 &#8211; 1 (Mart\u00edn Casco) Categor\u00eda 97: 2 (Santiago Cendoya y Enzo Medina) 1 (Franco Amaya) Categor\u00eda 96: 0 &#8211; 1 (Lucas Mollo) Categor\u00eda 95: 0 &#8211; 1 (Daniel Becerra) Categor\u00eda 94: 2<\/p>\n","protected":false},"author":1,"featured_media":0,"comment_status":"open","ping_status":"open","sticky":false,"template":"","format":"standard","meta":{"footnotes":""},"categories":[4],"tags":[],"class_list":["post-2536","post","type-post","status-publish","format-standard","hentry","category-informaciongeneral"],"_links":{"self":[{"href":"https:\/\/ligamercedina.com\/web\/wp-json\/wp\/v2\/posts\/2536","targetHints":{"allow":["GET"]}}],"collection":[{"href":"https:\/\/ligamercedina.com\/web\/wp-json\/wp\/v2\/posts"}],"about":[{"href":"https:\/\/ligamercedina.com\/web\/wp-json\/wp\/v2\/types\/post"}],"author":[{"embeddable":true,"href":"https:\/\/ligamercedina.com\/web\/wp-json\/wp\/v2\/users\/1"}],"replies":[{"embeddable":true,"href":"https:\/\/ligamercedina.com\/web\/wp-json\/wp\/v2\/comments?post=2536"}],"version-history":[{"count":16,"href":"https:\/\/ligamercedina.com\/web\/wp-json\/wp\/v2\/posts\/2536\/revisions"}],"predecessor-version":[{"id":2539,"href":"https:\/\/ligamercedina.com\/web\/wp-json\/wp\/v2\/posts\/2536\/revisions\/2539"}],"wp:attachment":[{"href":"https:\/\/ligamercedina.com\/web\/wp-json\/wp\/v2\/media?parent=2536"}],"wp:term":[{"taxonomy":"category","embeddable":true,"href":"https:\/\/ligamercedina.com\/web\/wp-json\/wp\/v2\/categories?post=2536"},{"taxonomy":"post_tag","embeddable":true,"href":"https:\/\/ligamercedina.com\/web\/wp-json\/wp\/v2\/tags?post=2536"}],"curies":[{"name":"wp","href":"https:\/\/api.w.org\/{rel}","templated":true}]}}