{"id":25231,"date":"2019-07-12T10:04:13","date_gmt":"2019-07-12T13:04:13","guid":{"rendered":"https:\/\/ligamercedina.com\/web\/?p=25231"},"modified":"2019-07-12T10:04:13","modified_gmt":"2019-07-12T13:04:13","slug":"infanto-juvenil-fecha-suspendida-5","status":"publish","type":"post","link":"https:\/\/ligamercedina.com\/web\/infanto-juvenil-fecha-suspendida-5\/","title":{"rendered":"INFANTO &#8211; JUVENIL: FECHA SUSPENDIDA"},"content":{"rendered":"<p><strong>A los fines de despejar dudas y atento a la informaci\u00f3n que brindaron los delegados de varios clubes, hecho que se agradece, la Comisi\u00f3n Directiva de la Liga informa que est\u00e1 SUSPENDIDA la actividad de divisiones inferiores que estaba prevista para ma\u00f1ana s\u00e1bado.<\/strong><br \/>\n<a href=\"https:\/\/ligamercedina.com\/web\/wp-content\/uploads\/2019\/07\/quil.jpeg\"><img loading=\"lazy\" decoding=\"async\" src=\"https:\/\/ligamercedina.com\/web\/wp-content\/uploads\/2019\/07\/quil-768x1024.jpeg\" alt=\"\" width=\"768\" height=\"1024\" class=\"aligncenter size-large wp-image-25232\" srcset=\"https:\/\/ligamercedina.com\/web\/wp-content\/uploads\/2019\/07\/quil-768x1024.jpeg 768w, https:\/\/ligamercedina.com\/web\/wp-content\/uploads\/2019\/07\/quil-225x300.jpeg 225w, https:\/\/ligamercedina.com\/web\/wp-content\/uploads\/2019\/07\/quil-310x413.jpeg 310w, https:\/\/ligamercedina.com\/web\/wp-content\/uploads\/2019\/07\/quil-60x80.jpeg 60w, https:\/\/ligamercedina.com\/web\/wp-content\/uploads\/2019\/07\/quil.jpeg 864w\" sizes=\"auto, (max-width: 768px) 100vw, 768px\" \/><\/a> Cancha de Quilmes<\/p>\n<p><a href=\"https:\/\/ligamercedina.com\/web\/wp-content\/uploads\/2019\/07\/merce.jpeg\"><img loading=\"lazy\" decoding=\"async\" src=\"https:\/\/ligamercedina.com\/web\/wp-content\/uploads\/2019\/07\/merce-1024x576.jpeg\" alt=\"\" width=\"860\" height=\"484\" class=\"aligncenter size-large wp-image-25233\" srcset=\"https:\/\/ligamercedina.com\/web\/wp-content\/uploads\/2019\/07\/merce-1024x576.jpeg 1024w, https:\/\/ligamercedina.com\/web\/wp-content\/uploads\/2019\/07\/merce-300x169.jpeg 300w, https:\/\/ligamercedina.com\/web\/wp-content\/uploads\/2019\/07\/merce-768x432.jpeg 768w, https:\/\/ligamercedina.com\/web\/wp-content\/uploads\/2019\/07\/merce-310x174.jpeg 310w, https:\/\/ligamercedina.com\/web\/wp-content\/uploads\/2019\/07\/merce-60x34.jpeg 60w, https:\/\/ligamercedina.com\/web\/wp-content\/uploads\/2019\/07\/merce.jpeg 1280w\" sizes=\"auto, (max-width: 860px) 100vw, 860px\" \/><\/a>Cancha de Mercedes.<\/p>\n","protected":false},"excerpt":{"rendered":"<p>A los fines de despejar dudas y atento a la informaci\u00f3n que brindaron los delegados de varios clubes, hecho que se agradece, la Comisi\u00f3n Directiva de la Liga informa que est\u00e1 SUSPENDIDA la actividad de divisiones inferiores que estaba prevista para ma\u00f1ana s\u00e1bado. Cancha de Quilmes Cancha de Mercedes.<\/p>\n","protected":false},"author":2,"featured_media":0,"comment_status":"open","ping_status":"open","sticky":false,"template":"","format":"standard","meta":{"footnotes":""},"categories":[4],"tags":[],"class_list":["post-25231","post","type-post","status-publish","format-standard","hentry","category-informaciongeneral"],"_links":{"self":[{"href":"https:\/\/ligamercedina.com\/web\/wp-json\/wp\/v2\/posts\/25231","targetHints":{"allow":["GET"]}}],"collection":[{"href":"https:\/\/ligamercedina.com\/web\/wp-json\/wp\/v2\/posts"}],"about":[{"href":"https:\/\/ligamercedina.com\/web\/wp-json\/wp\/v2\/types\/post"}],"author":[{"embeddable":true,"href":"https:\/\/ligamercedina.com\/web\/wp-json\/wp\/v2\/users\/2"}],"replies":[{"embeddable":true,"href":"https:\/\/ligamercedina.com\/web\/wp-json\/wp\/v2\/comments?post=25231"}],"version-history":[{"count":1,"href":"https:\/\/ligamercedina.com\/web\/wp-json\/wp\/v2\/posts\/25231\/revisions"}],"predecessor-version":[{"id":25234,"href":"https:\/\/ligamercedina.com\/web\/wp-json\/wp\/v2\/posts\/25231\/revisions\/25234"}],"wp:attachment":[{"href":"https:\/\/ligamercedina.com\/web\/wp-json\/wp\/v2\/media?parent=25231"}],"wp:term":[{"taxonomy":"category","embeddable":true,"href":"https:\/\/ligamercedina.com\/web\/wp-json\/wp\/v2\/categories?post=25231"},{"taxonomy":"post_tag","embeddable":true,"href":"https:\/\/ligamercedina.com\/web\/wp-json\/wp\/v2\/tags?post=25231"}],"curies":[{"name":"wp","href":"https:\/\/api.w.org\/{rel}","templated":true}]}}