{"id":25129,"date":"2019-06-29T18:03:13","date_gmt":"2019-06-29T21:03:13","guid":{"rendered":"https:\/\/ligamercedina.com\/web\/?p=25129"},"modified":"2019-06-29T18:03:13","modified_gmt":"2019-06-29T21:03:13","slug":"reserva-partidos-del-domingo-en-ateneo-suspendidos","status":"publish","type":"post","link":"https:\/\/ligamercedina.com\/web\/reserva-partidos-del-domingo-en-ateneo-suspendidos\/","title":{"rendered":"RESERVA: PARTIDOS DEL DOMINGO EN ATENEO SUSPENDIDOS"},"content":{"rendered":"<p><strong>Luego de la informaci\u00f3n brindada por el Presidente de Ateneo se informa la SUSPENSION de los partidos que ma\u00f1ana domingo deb\u00edan jugarse en cancha de Ateneo.<\/strong><\/p>\n","protected":false},"excerpt":{"rendered":"<p>Luego de la informaci\u00f3n brindada por el Presidente de Ateneo se informa la SUSPENSION de los partidos que ma\u00f1ana domingo deb\u00edan jugarse en cancha de Ateneo.<\/p>\n","protected":false},"author":2,"featured_media":0,"comment_status":"open","ping_status":"open","sticky":false,"template":"","format":"standard","meta":{"footnotes":""},"categories":[4],"tags":[],"class_list":["post-25129","post","type-post","status-publish","format-standard","hentry","category-informaciongeneral"],"_links":{"self":[{"href":"https:\/\/ligamercedina.com\/web\/wp-json\/wp\/v2\/posts\/25129","targetHints":{"allow":["GET"]}}],"collection":[{"href":"https:\/\/ligamercedina.com\/web\/wp-json\/wp\/v2\/posts"}],"about":[{"href":"https:\/\/ligamercedina.com\/web\/wp-json\/wp\/v2\/types\/post"}],"author":[{"embeddable":true,"href":"https:\/\/ligamercedina.com\/web\/wp-json\/wp\/v2\/users\/2"}],"replies":[{"embeddable":true,"href":"https:\/\/ligamercedina.com\/web\/wp-json\/wp\/v2\/comments?post=25129"}],"version-history":[{"count":1,"href":"https:\/\/ligamercedina.com\/web\/wp-json\/wp\/v2\/posts\/25129\/revisions"}],"predecessor-version":[{"id":25130,"href":"https:\/\/ligamercedina.com\/web\/wp-json\/wp\/v2\/posts\/25129\/revisions\/25130"}],"wp:attachment":[{"href":"https:\/\/ligamercedina.com\/web\/wp-json\/wp\/v2\/media?parent=25129"}],"wp:term":[{"taxonomy":"category","embeddable":true,"href":"https:\/\/ligamercedina.com\/web\/wp-json\/wp\/v2\/categories?post=25129"},{"taxonomy":"post_tag","embeddable":true,"href":"https:\/\/ligamercedina.com\/web\/wp-json\/wp\/v2\/tags?post=25129"}],"curies":[{"name":"wp","href":"https:\/\/api.w.org\/{rel}","templated":true}]}}