{"id":25104,"date":"2019-06-29T09:05:42","date_gmt":"2019-06-29T12:05:42","guid":{"rendered":"https:\/\/ligamercedina.com\/web\/?p=25104"},"modified":"2019-06-29T09:05:42","modified_gmt":"2019-06-29T12:05:42","slug":"infanto-juvenil-union-el-fronton-se-juega","status":"publish","type":"post","link":"https:\/\/ligamercedina.com\/web\/infanto-juvenil-union-el-fronton-se-juega\/","title":{"rendered":"INFANTO &#8211; JUVENIL: UNION &#8211; EL FRONTON SE JUEGA"},"content":{"rendered":"<blockquote><p><strong>El Coordinador de Uni\u00f3n informa que canchas est\u00e1n en condiciones, por lo tanto confirman realizaci\u00f3n de partidos.<\/strong><\/p><\/blockquote>\n","protected":false},"excerpt":{"rendered":"<p>El Coordinador de Uni\u00f3n informa que canchas est\u00e1n en condiciones, por lo tanto confirman realizaci\u00f3n de partidos.<\/p>\n","protected":false},"author":2,"featured_media":0,"comment_status":"open","ping_status":"open","sticky":false,"template":"","format":"standard","meta":{"footnotes":""},"categories":[4],"tags":[],"class_list":["post-25104","post","type-post","status-publish","format-standard","hentry","category-informaciongeneral"],"_links":{"self":[{"href":"https:\/\/ligamercedina.com\/web\/wp-json\/wp\/v2\/posts\/25104","targetHints":{"allow":["GET"]}}],"collection":[{"href":"https:\/\/ligamercedina.com\/web\/wp-json\/wp\/v2\/posts"}],"about":[{"href":"https:\/\/ligamercedina.com\/web\/wp-json\/wp\/v2\/types\/post"}],"author":[{"embeddable":true,"href":"https:\/\/ligamercedina.com\/web\/wp-json\/wp\/v2\/users\/2"}],"replies":[{"embeddable":true,"href":"https:\/\/ligamercedina.com\/web\/wp-json\/wp\/v2\/comments?post=25104"}],"version-history":[{"count":1,"href":"https:\/\/ligamercedina.com\/web\/wp-json\/wp\/v2\/posts\/25104\/revisions"}],"predecessor-version":[{"id":25105,"href":"https:\/\/ligamercedina.com\/web\/wp-json\/wp\/v2\/posts\/25104\/revisions\/25105"}],"wp:attachment":[{"href":"https:\/\/ligamercedina.com\/web\/wp-json\/wp\/v2\/media?parent=25104"}],"wp:term":[{"taxonomy":"category","embeddable":true,"href":"https:\/\/ligamercedina.com\/web\/wp-json\/wp\/v2\/categories?post=25104"},{"taxonomy":"post_tag","embeddable":true,"href":"https:\/\/ligamercedina.com\/web\/wp-json\/wp\/v2\/tags?post=25104"}],"curies":[{"name":"wp","href":"https:\/\/api.w.org\/{rel}","templated":true}]}}