{"id":25077,"date":"2019-06-27T00:24:30","date_gmt":"2019-06-27T03:24:30","guid":{"rendered":"https:\/\/ligamercedina.com\/web\/?p=25077"},"modified":"2019-06-28T18:44:02","modified_gmt":"2019-06-28T21:44:02","slug":"amonestaciones-25","status":"publish","type":"post","link":"https:\/\/ligamercedina.com\/web\/amonestaciones-25\/","title":{"rendered":"AMONESTACIONES"},"content":{"rendered":"<blockquote><p><strong>JUGADORES CON CINCO (5) AMARILLAS Y UN PARTIDO DE SUSPENSION<\/strong><\/p><\/blockquote>\n<p>Alfonso Agust\u00edn\t-V\u00e9lez-<br \/>\nRodr\u00edguez Jos\u00e9\t-Defensores-<br \/>\nJuanicotena Agust\u00edn -Mercedes-<br \/>\nAtampi Gonzalo\t-Quilmes- -CUMPLIDA-<br \/>\nSilvestre Francisco -Mercedes-<br \/>\nDematei Juan -Mercedes-<br \/>\nClarac Federico\t-Juventud-<br \/>\nLescano Iv\u00e1n -Uni\u00f3n-<br \/>\nDe los Santos Blas -Los Carteros-<br \/>\nTorres Jonathan\t-V\u00e9lez-<br \/>\nOlveira Juli\u00e1n  -Pabell\u00f3n Argentino-<br \/>\nGarc\u00eda Gast\u00f3n\t-La Diego Armando-<\/p>\n<blockquote><p><strong>JUGADORES CON CUATRO (4) AMONESTACIONES<\/strong><\/p><\/blockquote>\n<p>Piccone Lucas\t-Mercedes-<br \/>\nLucero Gast\u00f3n\t-Holanda-<br \/>\nDe la Cuesta Agustin\t-Front\u00f3n-<br \/>\nCarretto Martin\t-Juventud-<br \/>\nBlanco Lucas -AMEFIP-<br \/>\nL\u00f3pez Jonathan -Quilmes-<br \/>\nTorre Lautaro -Ateneo-<br \/>\nSu\u00e1rez Edgardo -Juventud-<br \/>\nP\u00e9rez Franco -Mercedes-<br \/>\nAtampi Lucas -La Diego Armando-<br \/>\nCastro Maximiliano -Trocha-<br \/>\nPaniagua Nicol\u00e1s -Quilmes-<br \/>\nBordi Hugo -Col\u00f3n-<br \/>\nPaj\u00f3n Jonathan\t-Los Carteros-<br \/>\nGauna Alberto\t-Uni\u00f3n-<br \/>\nMessia Juan\t-Juventud-<br \/>\nMorales Oscar\t-Quilmes-<br \/>\nClimi\u00f1o Braian\t-Holanda-<br \/>\nAlbornoz Fabi\u00e1n\t-Atl\u00e9tico Marcos Paz-<br \/>\nLombardo Juan\t-Estudiantes-<br \/>\nBaiardi Mat\u00edas\t-Los Carteros-<br \/>\nPaj\u00f3n Jerem\u00edas\t-Los Carteros-<br \/>\nGiacoia Agust\u00edn\t-Tim\u00f3n-<br \/>\nM\u00e9ndez Nicol\u00e1s \t-Palometas-<br \/>\nBasualdo Francisco\t-Estudiantes-<br \/>\nCuello Lucas\t-V\u00e9lez-<br \/>\nSouble Jerem\u00edas\t-Tim\u00f3n-<br \/>\nColicigno Rodrigo -Holanda-<br \/>\nCastelano Juan\t-Pabell\u00f3n Argentino-<br \/>\nMaldonado Bruno\t-Estudiantes-<br \/>\nG\u00f3mez Maximiliano\t-Defensores-<br \/>\nOjeda Ricardo -Trocha-<br \/>\nD\u00edaz Lautaro -Talleres-<br \/>\nDuberti Diego -Holanda-<br \/>\nDinardi Federico -Front\u00f3n-<br \/>\nNorbedo Ger\u00f3nimo -Pabell\u00f3n Argentino-<br \/>\nCarretero Mariano -Quilmes-<br \/>\nD\u00edaz Nicol\u00e1s\t-Holanda-<br \/>\nVargas Nicol\u00e1s\t-La Diego Armando-<br \/>\nSchenone Joaqu\u00edn -Trocha-<br \/>\nBarrios Cristian -Costa Brava-<br \/>\nLescano Paulo\t-Estudiantes-<br \/>\nVillone Mariano\t-Quilmes-<br \/>\nBertera David\t-Palometas-<br \/>\nLoza Nicol\u00e1s\t-Quilmes-<br \/>\nGiordano, Bruno\t-Atl\u00e9tico Marcos Paz-<br \/>\nGhessi Agust\u00edn\t-Front\u00f3n-<br \/>\nL\u00f3pez Mat\u00edas\t-Estudiantes-<br \/>\nMarrafeiro Federico\t-Col\u00f3n-<br \/>\nAlfonso Lucas\t-V\u00e9lez-<br \/>\nViola Sebasti\u00e1n\t-V\u00e9lez-<br \/>\nJurado Enzo\t-V\u00e9lez-<\/p>\n<blockquote><p><strong>JUGADORES CON TRES (3) AMONESTACIONES<\/strong><\/p><\/blockquote>\n<p>Ojeda, Lucio\t-Ateneo-<br \/>\nBarcos, Federico\t-Uni\u00f3n-<br \/>\nCuello, Jonathan\t-Defensores-<br \/>\nD\u00edaz Alvaro\t-V\u00e9lez-<br \/>\nYasky Santiago\t-Trocha-<br \/>\nPaj\u00f3n Walter\t-AMEFIP-<br \/>\nMaldonado Miguel\t-V\u00e9lez-<br \/>\nRomero Ignacio\t-Defensores-<br \/>\nComalini Jos\u00e9 Mar\u00eda\t-La Diego Armando-<br \/>\nGorosito Pablo\t-La Diego Armando-<br \/>\nRam\u00edrez Carlos\t-AMEFIP-<br \/>\nMendiola Joaqu\u00edn\t-Ateneo-<br \/>\nNiz Jonathan\t-Trocha-<br \/>\nDamonte Jonatan\t-Holanda-<br \/>\nMontenegro Nicol\u00e1s\t-Los Carteros-<br \/>\nL\u00e9rtora Laureano\t-Trocha-<br \/>\nCorrea Mauro\t-Juventud-<br \/>\nOttonelli Ignacio\t-Costa Brava-<br \/>\nCardoso Alejandro\t-Quilmes-<br \/>\nPuliti Germ\u00e1n\t-Mercedes-<br \/>\nAvenda\u00f1o Diego\t-Defensores-<br \/>\nOjeda Alan\t-Trocha-<br \/>\nGalardo Juli\u00e1n\t-AMEFIP-<br \/>\nBartolomeo, Jonathan\t-Los Carteros-<br \/>\nRobin Juan\t-Quilmes-<br \/>\nTrofelli Franco\t-La Diego Armando-<br \/>\nRossetti Tom\u00e1s\t-Juventud-<br \/>\nDuberti Gonzalo\t-La Diego Armando-<br \/>\nAnselmo Braian\t-Tim\u00f3n-<br \/>\nSu\u00e1rez Enzo\t-Juventud-<br \/>\nPonce Juan\t-Estudiantes-<br \/>\nFlores Braian\t-Quilmes-<br \/>\nAsenso Juan Ignacio\t-La Diego Armando-<br \/>\nRocha Enzo\t-Tim\u00f3n-<br \/>\nS\u00e1nchez Mat\u00edas\t-Tim\u00f3n-<br \/>\nCuberas, Josias\t-Col\u00f3n-<br \/>\nOjeda Braian\t-Holanda-<br \/>\nGonz\u00e1lez Cesar\t-Talleres-<br \/>\nTorres Laureano\t-Los Carteros-<br \/>\nCulicigno Manuel\t-Quilmes-<br \/>\nOrtubia Lucas\t-Holanda-<br \/>\nFern\u00e1ndez Nahuel\t-Atl\u00e9tico Marcos Paz-<br \/>\nSaravia Renar\t-Talleres-<br \/>\nRodr\u00edguez Gerardo\t-Costa Brava-<br \/>\nZambrano Lautaro\t-Costa Brava-<br \/>\nEgu\u00eda Nazareno\t-Palometas-<br \/>\nDel Piero Franco\t-Pabell\u00f3n Argentino-<br \/>\nGuzm\u00e1n Maximiliano\t-La Diego Armando-<br \/>\nMaldonado, Luis\t-Defensores-<br \/>\nIribarne Seraf\u00edn\t-Juventud-<br \/>\nFlores Adri\u00e1n\t-Quilmes-<br \/>\nCejas Gabriel\t-La Diego Armando-<br \/>\nBatoia Valent\u00edn\t-Mercedes-<br \/>\nZabala Ignacio\t-Costa Brava-<br \/>\nAchucarro Alexander\t-Talleres-<br \/>\nGonz\u00e1lez Santiago\t-V\u00e9lez-<br \/>\nBiaggini Sebasti\u00e1n\t-Trocha-<br \/>\nSierocki Marcos \t-Palometas-<br \/>\nContardi Nicol\u00e1s\t-Mercedes-<br \/>\nContreras Jorge\t-Holanda-<br \/>\nG\u00f3mez Francisco\t-Ateneo-<br \/>\nLuna Agust\u00edn\t-Estudiantes-<br \/>\nRamos Ezequiel\t-AMEFIP-<br \/>\nPeralta Carlos\t-Uni\u00f3n-<br \/>\nAndrada Franco\t-Costa Brava-<br \/>\nSerrano Elio\t-Los Carteros-<br \/>\nSantana Cristian\t-Los Carteros-<br \/>\nPancera Rodrigo\t-Talleres-<br \/>\nLuna Jer\u00f3nimo\t-Estudiantes-<br \/>\nCantero Bernardo\t-Defensores-<br \/>\nRam\u00edrez Gabriel\t-Atl\u00e9tico Marcos Paz-<br \/>\nAvalos Sebasti\u00e1n\t-Atl\u00e9tico Marcos Paz-<br \/>\nOexner Alexis\t-Costa Brava-<br \/>\nEcheverry Mart\u00edn\t-Estudiantes-<br \/>\nLuzza Juan \t-Mercedes-<br \/>\nMansilla Nicol\u00e1s Rodolfo\t-Holanda-<br \/>\nPaulerena Juan\t-Pabell\u00f3n Argentino-<br \/>\nVirto Juan\t-Palometas-<br \/>\nArzani Maximiliano\t-Uni\u00f3n-<br \/>\nRey Mart\u00edn\t-Col\u00f3n-<\/p>\n","protected":false},"excerpt":{"rendered":"<p>JUGADORES CON CINCO (5) AMARILLAS Y UN PARTIDO DE SUSPENSION Alfonso Agust\u00edn -V\u00e9lez- Rodr\u00edguez Jos\u00e9 -Defensores- Juanicotena Agust\u00edn -Mercedes- Atampi Gonzalo -Quilmes- -CUMPLIDA- Silvestre Francisco -Mercedes- Dematei Juan -Mercedes- Clarac Federico -Juventud- Lescano Iv\u00e1n -Uni\u00f3n- De los Santos Blas -Los Carteros- Torres Jonathan -V\u00e9lez- Olveira Juli\u00e1n -Pabell\u00f3n Argentino- Garc\u00eda Gast\u00f3n -La Diego Armando- JUGADORES CON CUATRO (4) AMONESTACIONES Piccone Lucas<\/p>\n","protected":false},"author":2,"featured_media":0,"comment_status":"open","ping_status":"open","sticky":false,"template":"","format":"standard","meta":{"footnotes":""},"categories":[4],"tags":[],"class_list":["post-25077","post","type-post","status-publish","format-standard","hentry","category-informaciongeneral"],"_links":{"self":[{"href":"https:\/\/ligamercedina.com\/web\/wp-json\/wp\/v2\/posts\/25077","targetHints":{"allow":["GET"]}}],"collection":[{"href":"https:\/\/ligamercedina.com\/web\/wp-json\/wp\/v2\/posts"}],"about":[{"href":"https:\/\/ligamercedina.com\/web\/wp-json\/wp\/v2\/types\/post"}],"author":[{"embeddable":true,"href":"https:\/\/ligamercedina.com\/web\/wp-json\/wp\/v2\/users\/2"}],"replies":[{"embeddable":true,"href":"https:\/\/ligamercedina.com\/web\/wp-json\/wp\/v2\/comments?post=25077"}],"version-history":[{"count":2,"href":"https:\/\/ligamercedina.com\/web\/wp-json\/wp\/v2\/posts\/25077\/revisions"}],"predecessor-version":[{"id":25085,"href":"https:\/\/ligamercedina.com\/web\/wp-json\/wp\/v2\/posts\/25077\/revisions\/25085"}],"wp:attachment":[{"href":"https:\/\/ligamercedina.com\/web\/wp-json\/wp\/v2\/media?parent=25077"}],"wp:term":[{"taxonomy":"category","embeddable":true,"href":"https:\/\/ligamercedina.com\/web\/wp-json\/wp\/v2\/categories?post=25077"},{"taxonomy":"post_tag","embeddable":true,"href":"https:\/\/ligamercedina.com\/web\/wp-json\/wp\/v2\/tags?post=25077"}],"curies":[{"name":"wp","href":"https:\/\/api.w.org\/{rel}","templated":true}]}}