{"id":25068,"date":"2019-06-25T20:30:41","date_gmt":"2019-06-25T23:30:41","guid":{"rendered":"https:\/\/ligamercedina.com\/web\/?p=25068"},"modified":"2019-06-25T20:30:41","modified_gmt":"2019-06-25T23:30:41","slug":"futbol-femenino-horarios-para-el-fin-de-semana-38","status":"publish","type":"post","link":"https:\/\/ligamercedina.com\/web\/futbol-femenino-horarios-para-el-fin-de-semana-38\/","title":{"rendered":"FUTBOL FEMENINO: HORARIOS PARA EL FIN DE SEMANA"},"content":{"rendered":"<blockquote><p><strong>PRIMERA DIVISION<\/strong><\/p><\/blockquote>\n<p><em><strong>S\u00e1bado 29 de junio, cancha Mercedes<\/strong><\/em><br \/>\n14:00 hs. Los Carteros Vs. V\u00e9lez<br \/>\n15:00 hs. Alfa Vs. AMEFIP<br \/>\n16:00 hs. Juventud Vs. El Front\u00f3n<br \/>\n17:00 hs. Costa Brava Vs. Estudiantes<br \/>\n18:00 hs. Envi\u00f3n Vs. Mercedes <\/p>\n<blockquote><p><strong>INFERIORES<\/strong><\/p><\/blockquote>\n<p><em><strong>Domingo 30 de junio, cancha Estudiantes<\/strong><\/em><br \/>\n11:00 hs. -SUB 12- Los Carteros Vs. AMEFIP<br \/>\n12:00 hs. -SUB 12- Alfa Vs. V\u00e9lez<br \/>\n13:00 hs. -SUB 16- Los Carteros Vs. V\u00e9lez<br \/>\n14:00 hs. -SUB 16- La Loma Vs. Alfa<br \/>\n15:00 hs. -SUB 16- Defensores Vs. Estudiantes<\/p>\n","protected":false},"excerpt":{"rendered":"<p>PRIMERA DIVISION S\u00e1bado 29 de junio, cancha Mercedes 14:00 hs. Los Carteros Vs. V\u00e9lez 15:00 hs. Alfa Vs. AMEFIP 16:00 hs. Juventud Vs. El Front\u00f3n 17:00 hs. Costa Brava Vs. Estudiantes 18:00 hs. Envi\u00f3n Vs. Mercedes INFERIORES Domingo 30 de junio, cancha Estudiantes 11:00 hs. -SUB 12- Los Carteros Vs. AMEFIP 12:00 hs. -SUB 12- Alfa Vs. V\u00e9lez 13:00 hs.<\/p>\n","protected":false},"author":2,"featured_media":0,"comment_status":"open","ping_status":"open","sticky":false,"template":"","format":"standard","meta":{"footnotes":""},"categories":[4],"tags":[],"class_list":["post-25068","post","type-post","status-publish","format-standard","hentry","category-informaciongeneral"],"_links":{"self":[{"href":"https:\/\/ligamercedina.com\/web\/wp-json\/wp\/v2\/posts\/25068","targetHints":{"allow":["GET"]}}],"collection":[{"href":"https:\/\/ligamercedina.com\/web\/wp-json\/wp\/v2\/posts"}],"about":[{"href":"https:\/\/ligamercedina.com\/web\/wp-json\/wp\/v2\/types\/post"}],"author":[{"embeddable":true,"href":"https:\/\/ligamercedina.com\/web\/wp-json\/wp\/v2\/users\/2"}],"replies":[{"embeddable":true,"href":"https:\/\/ligamercedina.com\/web\/wp-json\/wp\/v2\/comments?post=25068"}],"version-history":[{"count":1,"href":"https:\/\/ligamercedina.com\/web\/wp-json\/wp\/v2\/posts\/25068\/revisions"}],"predecessor-version":[{"id":25069,"href":"https:\/\/ligamercedina.com\/web\/wp-json\/wp\/v2\/posts\/25068\/revisions\/25069"}],"wp:attachment":[{"href":"https:\/\/ligamercedina.com\/web\/wp-json\/wp\/v2\/media?parent=25068"}],"wp:term":[{"taxonomy":"category","embeddable":true,"href":"https:\/\/ligamercedina.com\/web\/wp-json\/wp\/v2\/categories?post=25068"},{"taxonomy":"post_tag","embeddable":true,"href":"https:\/\/ligamercedina.com\/web\/wp-json\/wp\/v2\/tags?post=25068"}],"curies":[{"name":"wp","href":"https:\/\/api.w.org\/{rel}","templated":true}]}}