{"id":25,"date":"2007-03-27T10:20:31","date_gmt":"2007-03-27T13:20:31","guid":{"rendered":"https:\/\/ligamercedina.com\/?p=25"},"modified":"2007-03-27T10:20:31","modified_gmt":"2007-03-27T13:20:31","slug":"en-semana-santa-no-habra-actividad","status":"publish","type":"post","link":"https:\/\/ligamercedina.com\/web\/en-semana-santa-no-habra-actividad\/","title":{"rendered":"En semana santa no habr\u00e1 actividad"},"content":{"rendered":"<p><strong>Ayer lunes por la noche, los m\u00e1ximos dirigentes de la Liga, confirmaron que en semana santa no habr\u00e1 actividad en todos los torneos que se organizan, mientras que se confirmaron los horarios de los partidos de Primera para el fin de semana <\/strong><br \/>\n<img src='https:\/\/ligamercedina.com\/wp-content\/Ateneo93.jpg' alt='' \/> <!--more--><\/p>\n<p>La medida de no jugar en semana santa, no es caprichosa si se tiene en cuenta que fueron varios los representantes de clubes que mostraron su inquietud al respecto.<br \/>\nA\u00f1o tras a\u00f1o, el turismo ha generado un constante crecimiento, por lo que varios t\u00e9cnicos se ven con el inconveniente de no poder contar con los j\u00f3venes, de jugarse la fecha.<br \/>\nEn ese sentido, se decidi\u00f3 asociarse al pensamiento de los clubes, por lo que no habr\u00e1 actividad.<br \/>\nSin embargo, este fin de semana s\u00ed habr\u00e1 actividad, donde se jugar\u00e1 la segunda fecha. Vale tener en cuenta, que si el s\u00e1bado se suspende la fecha por mal tiempo, la misma pasar\u00e1 a jugarse el lunes 2 de abril, con los mismos horarios.<br \/>\nUno de los partidos de F\u00fatbol Juvenil se jugar\u00e1 en cancha de la Liga Mercedina; ser\u00e1 el que protagonizar\u00e1n Mercedes y Juventud de Suipacha por categor\u00eda 91-90. El mismo se jugar\u00e1 desde las 13:30, como preliminar del partido de Primera<\/p>\n<p>Por otra parte se confirmaron los horarios de Primera para el pr\u00f3ximo fin de semana, que tendr\u00e1 actividad los d\u00edas s\u00e1bado y lunes, con la siguiente programaci\u00f3n.<\/p>\n<p><em><strong>S\u00e1bado: Cancha Liga Mercedina<\/strong><\/em><br \/>\n15 hs. Estudiantes Vs. Quilmes<\/p>\n<p><strong>En Marcos Paz<\/strong><br \/>\n14 hs. Uni\u00f3n Vs. San Marcos FC<br \/>\n16 hs. Pabell\u00f3n Argentino Vs. Ateneo de la Juventud<\/p>\n<p><em><strong>Lunes 2 de abril: Liga Mercedina<\/strong><\/em><br \/>\n13:45 hs. Palometas Vs. Juventud de Suipacha<br \/>\n16:00 hs. Club Mercedes Vs. V\u00e9lez<\/p>\n<p>A las 15:45 se realizar\u00e1 un homenaje a los veteranos de Malvinas, al cumplirse 25 a\u00f1os de la gesta.<\/p>\n","protected":false},"excerpt":{"rendered":"<p>Ayer lunes por la noche, los m\u00e1ximos dirigentes de la Liga, confirmaron que en semana santa no habr\u00e1 actividad en todos los torneos que se organizan, mientras que se confirmaron los horarios de los partidos de Primera para el fin de semana<\/p>\n","protected":false},"author":1,"featured_media":0,"comment_status":"open","ping_status":"open","sticky":false,"template":"","format":"standard","meta":{"footnotes":""},"categories":[4],"tags":[],"class_list":["post-25","post","type-post","status-publish","format-standard","hentry","category-informaciongeneral"],"_links":{"self":[{"href":"https:\/\/ligamercedina.com\/web\/wp-json\/wp\/v2\/posts\/25","targetHints":{"allow":["GET"]}}],"collection":[{"href":"https:\/\/ligamercedina.com\/web\/wp-json\/wp\/v2\/posts"}],"about":[{"href":"https:\/\/ligamercedina.com\/web\/wp-json\/wp\/v2\/types\/post"}],"author":[{"embeddable":true,"href":"https:\/\/ligamercedina.com\/web\/wp-json\/wp\/v2\/users\/1"}],"replies":[{"embeddable":true,"href":"https:\/\/ligamercedina.com\/web\/wp-json\/wp\/v2\/comments?post=25"}],"version-history":[{"count":0,"href":"https:\/\/ligamercedina.com\/web\/wp-json\/wp\/v2\/posts\/25\/revisions"}],"wp:attachment":[{"href":"https:\/\/ligamercedina.com\/web\/wp-json\/wp\/v2\/media?parent=25"}],"wp:term":[{"taxonomy":"category","embeddable":true,"href":"https:\/\/ligamercedina.com\/web\/wp-json\/wp\/v2\/categories?post=25"},{"taxonomy":"post_tag","embeddable":true,"href":"https:\/\/ligamercedina.com\/web\/wp-json\/wp\/v2\/tags?post=25"}],"curies":[{"name":"wp","href":"https:\/\/api.w.org\/{rel}","templated":true}]}}