{"id":24927,"date":"2019-06-05T09:44:32","date_gmt":"2019-06-05T12:44:32","guid":{"rendered":"https:\/\/ligamercedina.com\/web\/?p=24927"},"modified":"2019-06-05T09:44:32","modified_gmt":"2019-06-05T12:44:32","slug":"futbol-femenino-horarios-para-el-fin-de-semana-36","status":"publish","type":"post","link":"https:\/\/ligamercedina.com\/web\/futbol-femenino-horarios-para-el-fin-de-semana-36\/","title":{"rendered":"FUTBOL FEMENINO: HORARIOS PARA EL FIN DE SEMANA"},"content":{"rendered":"<blockquote><p><strong>PRIMERA DIVISION<\/strong><\/p><\/blockquote>\n<p>A partir de las situaciones ocurridas en dos partidos en el \u00faltimo fin de semana y a la espera de decisiones del Tribunal de Penas, este fin de semana no habr\u00e1 actividad en esta categor\u00eda.<\/p>\n<blockquote><p><strong>INFERIORES<\/strong><\/p><\/blockquote>\n<p><em><strong>Domingo 9 de junio, cancha Alfa<\/strong><\/em><br \/>\n* Arranca la segunda rueda con modificaciones en el fixture de Sub 16.<br \/>\n11:00 hs. \u2013SUB 12- Alfa Vs. Los Carteros<br \/>\n12:00 hs. \u2013SUB 12-V\u00e9lez Vs.\t Estudiantes<br \/>\n13:00 hs. \u2013SUB 16- Defensores Vs. Los Carteros<br \/>\n14:00 hs. \u2013SUB 16- Alfa Vs. V\u00e9lez<br \/>\n15:00 hs. \u2013SUB 16- Estudiantes Vs. El Front\u00f3n\t\t<\/p>\n","protected":false},"excerpt":{"rendered":"<p>PRIMERA DIVISION A partir de las situaciones ocurridas en dos partidos en el \u00faltimo fin de semana y a la espera de decisiones del Tribunal de Penas, este fin de semana no habr\u00e1 actividad en esta categor\u00eda. INFERIORES Domingo 9 de junio, cancha Alfa * Arranca la segunda rueda con modificaciones en el fixture de Sub 16. 11:00 hs. \u2013SUB<\/p>\n","protected":false},"author":2,"featured_media":0,"comment_status":"open","ping_status":"open","sticky":false,"template":"","format":"standard","meta":{"footnotes":""},"categories":[4],"tags":[],"class_list":["post-24927","post","type-post","status-publish","format-standard","hentry","category-informaciongeneral"],"_links":{"self":[{"href":"https:\/\/ligamercedina.com\/web\/wp-json\/wp\/v2\/posts\/24927","targetHints":{"allow":["GET"]}}],"collection":[{"href":"https:\/\/ligamercedina.com\/web\/wp-json\/wp\/v2\/posts"}],"about":[{"href":"https:\/\/ligamercedina.com\/web\/wp-json\/wp\/v2\/types\/post"}],"author":[{"embeddable":true,"href":"https:\/\/ligamercedina.com\/web\/wp-json\/wp\/v2\/users\/2"}],"replies":[{"embeddable":true,"href":"https:\/\/ligamercedina.com\/web\/wp-json\/wp\/v2\/comments?post=24927"}],"version-history":[{"count":1,"href":"https:\/\/ligamercedina.com\/web\/wp-json\/wp\/v2\/posts\/24927\/revisions"}],"predecessor-version":[{"id":24928,"href":"https:\/\/ligamercedina.com\/web\/wp-json\/wp\/v2\/posts\/24927\/revisions\/24928"}],"wp:attachment":[{"href":"https:\/\/ligamercedina.com\/web\/wp-json\/wp\/v2\/media?parent=24927"}],"wp:term":[{"taxonomy":"category","embeddable":true,"href":"https:\/\/ligamercedina.com\/web\/wp-json\/wp\/v2\/categories?post=24927"},{"taxonomy":"post_tag","embeddable":true,"href":"https:\/\/ligamercedina.com\/web\/wp-json\/wp\/v2\/tags?post=24927"}],"curies":[{"name":"wp","href":"https:\/\/api.w.org\/{rel}","templated":true}]}}