{"id":24912,"date":"2019-05-31T08:28:31","date_gmt":"2019-05-31T11:28:31","guid":{"rendered":"https:\/\/ligamercedina.com\/web\/?p=24912"},"modified":"2019-05-31T08:28:31","modified_gmt":"2019-05-31T11:28:31","slug":"amonestaciones-24","status":"publish","type":"post","link":"https:\/\/ligamercedina.com\/web\/amonestaciones-24\/","title":{"rendered":"AMONESTACIONES"},"content":{"rendered":"<p><strong>JUGADORES CON CUATRO (4) AMONESTACIONES<\/strong><br \/>\nG\u00f3mez, Mat\u00edas -Costa Brava-<br \/>\nCuberas Tob\u00edas\t-Col\u00f3n-<br \/>\nPiccone Lucas\t-Mercedes-<br \/>\nPereira, Cristian -Palometas-<br \/>\nBartolomeo Nicol\u00e1s -V\u00e9lez-<br \/>\nBarbieri Pablo -Tim\u00f3n-<br \/>\nRodr\u00edguez Jos\u00e9 -Defensores-<br \/>\nLawler, Juan -Juventud-<br \/>\nLucero Gast\u00f3n -Holanda-<br \/>\nJuanicotena Agust\u00edn -Mercedes-<br \/>\nJara Daniel -V\u00e9lez-<br \/>\nDe la Cuesta Agustin -Front\u00f3n-<br \/>\nCarretto Martin -Juventud-<br \/>\nAguirre Marcelo -Trocha-<br \/>\nBlanco Lucas -AMEFIP-<br \/>\nAtampi Gonzalo -Quilmes-<br \/>\nL\u00f3pez Jonathan -Quilmes-<br \/>\nTorre Lautaro -Ateneo-<br \/>\nSu\u00e1rez Edgardo -Juventud-<br \/>\nP\u00e9rez Franco -Mercedes-<br \/>\nSilvestre Francisco -Mercedes-<br \/>\nAtampi Lucas -La Diego Armando-<br \/>\nCastro Maximiliano -Trocha-<br \/>\nDematei Juan -Mercedes-<br \/>\nP\u00e9rez Alejandro -Costa Brava-<br \/>\nPaniagua Nicol\u00e1s -Quilmes-<br \/>\nBordi Hugo -Col\u00f3n-<br \/>\nFilipini Leandro -Mercedes-<br \/>\nVaca Santiago -Holanda-<br \/>\nUviz Agust\u00edn -Trocha-<br \/>\nBecerra Daniel -La Diego Armando-<br \/>\nPaj\u00f3n Jonathan -Los Carteros-<br \/>\nGauna Alberto -Uni\u00f3n-<br \/>\nMessia Juan -Juventud-<\/p>\n","protected":false},"excerpt":{"rendered":"<p>JUGADORES CON CUATRO (4) AMONESTACIONES G\u00f3mez, Mat\u00edas -Costa Brava- Cuberas Tob\u00edas -Col\u00f3n- Piccone Lucas -Mercedes- Pereira, Cristian -Palometas- Bartolomeo Nicol\u00e1s -V\u00e9lez- Barbieri Pablo -Tim\u00f3n- Rodr\u00edguez Jos\u00e9 -Defensores- Lawler, Juan -Juventud- Lucero Gast\u00f3n -Holanda- Juanicotena Agust\u00edn -Mercedes- Jara Daniel -V\u00e9lez- De la Cuesta Agustin -Front\u00f3n- Carretto Martin -Juventud- Aguirre Marcelo -Trocha- Blanco Lucas -AMEFIP- Atampi Gonzalo -Quilmes- L\u00f3pez Jonathan -Quilmes- Torre<\/p>\n","protected":false},"author":2,"featured_media":0,"comment_status":"open","ping_status":"open","sticky":false,"template":"","format":"standard","meta":{"footnotes":""},"categories":[4],"tags":[],"class_list":["post-24912","post","type-post","status-publish","format-standard","hentry","category-informaciongeneral"],"_links":{"self":[{"href":"https:\/\/ligamercedina.com\/web\/wp-json\/wp\/v2\/posts\/24912","targetHints":{"allow":["GET"]}}],"collection":[{"href":"https:\/\/ligamercedina.com\/web\/wp-json\/wp\/v2\/posts"}],"about":[{"href":"https:\/\/ligamercedina.com\/web\/wp-json\/wp\/v2\/types\/post"}],"author":[{"embeddable":true,"href":"https:\/\/ligamercedina.com\/web\/wp-json\/wp\/v2\/users\/2"}],"replies":[{"embeddable":true,"href":"https:\/\/ligamercedina.com\/web\/wp-json\/wp\/v2\/comments?post=24912"}],"version-history":[{"count":1,"href":"https:\/\/ligamercedina.com\/web\/wp-json\/wp\/v2\/posts\/24912\/revisions"}],"predecessor-version":[{"id":24913,"href":"https:\/\/ligamercedina.com\/web\/wp-json\/wp\/v2\/posts\/24912\/revisions\/24913"}],"wp:attachment":[{"href":"https:\/\/ligamercedina.com\/web\/wp-json\/wp\/v2\/media?parent=24912"}],"wp:term":[{"taxonomy":"category","embeddable":true,"href":"https:\/\/ligamercedina.com\/web\/wp-json\/wp\/v2\/categories?post=24912"},{"taxonomy":"post_tag","embeddable":true,"href":"https:\/\/ligamercedina.com\/web\/wp-json\/wp\/v2\/tags?post=24912"}],"curies":[{"name":"wp","href":"https:\/\/api.w.org\/{rel}","templated":true}]}}