{"id":24903,"date":"2019-05-28T23:34:42","date_gmt":"2019-05-29T02:34:42","guid":{"rendered":"https:\/\/ligamercedina.com\/web\/?p=24903"},"modified":"2019-05-28T23:34:42","modified_gmt":"2019-05-29T02:34:42","slug":"primera-division-programacion-de-partidos-pendientes","status":"publish","type":"post","link":"https:\/\/ligamercedina.com\/web\/primera-division-programacion-de-partidos-pendientes\/","title":{"rendered":"PRIMERA DIVISION: PROGRAMACION DE PARTIDOS PENDIENTES"},"content":{"rendered":"<p>Tal cual se analizara y definiera en la reuni\u00f3n de delegados realizadas este lunes, se confirm\u00f3 que a partir de la pr\u00f3xima semana se comenzar\u00e1n a jugar partidos que est\u00e1n pendientes por el certamen mayor. Que en este sentido, sobre los partidos a jugarse en Mercedes se realizar\u00e1n martes, mi\u00e9rcoles o jueves, teniendo en cuenta entrenamientos de las Selecciones Juveniles.<br \/>\nSobre los partidos a jugarse fuera de la ciudad, se jugar\u00e1n los d\u00edas mi\u00e9rcoles o feriado que sea posible.<br \/>\nA la par de esto tambi\u00e9n se programar\u00e1n partidos pendientes de Reserva.<br \/>\nSe hace saber que aquellos equipos que jueguen d\u00eda jueves, deber\u00e1n disputar su partido siguiente el d\u00eda domingo por la fecha correspondiente, mientras que en martes podr\u00e1n jugar aquellos equipos que previamente hayan jugado el s\u00e1bado.<\/p>\n<p><strong>PRIMERA DIVISION<\/strong><br \/>\n<em><strong>Mi\u00e9rcoles 5 de junio, cancha El Front\u00f3n<\/strong><\/em><br \/>\nEl Front\u00f3n Vs. El Tim\u00f3n<\/p>\n<p><em><strong>Jueves 6 de junio, cancha Liga Mercedina<\/strong><\/em><br \/>\n19:30 hs. V\u00e9lez Sarsfield Vs. Costa Brava<br \/>\n21:30 hs. La Diego Armando Vs. Pabell\u00f3n Argentino<\/p>\n<p><em><strong>Mi\u00e9rcoles 12 o Jueves 13, cancha Liga Mercedina<\/strong><\/em><br \/>\n19:30 hs. Holanda Vs. Uni\u00f3n<br \/>\n21:30 hs. Los Carteros Vs. El Front\u00f3n<\/p>\n<p><em><strong><br \/>\nMi\u00e9rcoles 12 de junio, cancha Pabell\u00f3n Argentino<\/strong><\/em><br \/>\n21:30 hs. Pabell\u00f3n Argentino Vs. Talleres Payr\u00f3<\/p>\n<p><em><strong>Jueves 20 de junio, cancha Atl\u00e9tico Marcos Paz<\/strong><\/em><br \/>\nAtl\u00e9tico Marcos Paz Vs. Pabell\u00f3n Argentino<\/p>\n<p><em><strong>Jueves 20 de junio, cancha Costa Brava<\/strong><\/em><br \/>\nCosta Brava Vs. El Front\u00f3n<\/p>\n<p><em><strong>Jueves 20 de junio, cancha Col\u00f3n o Liga Mercedina<\/strong><\/em><br \/>\nCol\u00f3n Vs. Trocha <\/p>\n","protected":false},"excerpt":{"rendered":"<p>Tal cual se analizara y definiera en la reuni\u00f3n de delegados realizadas este lunes, se confirm\u00f3 que a partir de la pr\u00f3xima semana se comenzar\u00e1n a jugar partidos que est\u00e1n pendientes por el certamen mayor. Que en este sentido, sobre los partidos a jugarse en Mercedes se realizar\u00e1n martes, mi\u00e9rcoles o jueves, teniendo en cuenta entrenamientos de las Selecciones Juveniles.<\/p>\n","protected":false},"author":2,"featured_media":0,"comment_status":"open","ping_status":"open","sticky":false,"template":"","format":"standard","meta":{"footnotes":""},"categories":[4],"tags":[],"class_list":["post-24903","post","type-post","status-publish","format-standard","hentry","category-informaciongeneral"],"_links":{"self":[{"href":"https:\/\/ligamercedina.com\/web\/wp-json\/wp\/v2\/posts\/24903","targetHints":{"allow":["GET"]}}],"collection":[{"href":"https:\/\/ligamercedina.com\/web\/wp-json\/wp\/v2\/posts"}],"about":[{"href":"https:\/\/ligamercedina.com\/web\/wp-json\/wp\/v2\/types\/post"}],"author":[{"embeddable":true,"href":"https:\/\/ligamercedina.com\/web\/wp-json\/wp\/v2\/users\/2"}],"replies":[{"embeddable":true,"href":"https:\/\/ligamercedina.com\/web\/wp-json\/wp\/v2\/comments?post=24903"}],"version-history":[{"count":1,"href":"https:\/\/ligamercedina.com\/web\/wp-json\/wp\/v2\/posts\/24903\/revisions"}],"predecessor-version":[{"id":24904,"href":"https:\/\/ligamercedina.com\/web\/wp-json\/wp\/v2\/posts\/24903\/revisions\/24904"}],"wp:attachment":[{"href":"https:\/\/ligamercedina.com\/web\/wp-json\/wp\/v2\/media?parent=24903"}],"wp:term":[{"taxonomy":"category","embeddable":true,"href":"https:\/\/ligamercedina.com\/web\/wp-json\/wp\/v2\/categories?post=24903"},{"taxonomy":"post_tag","embeddable":true,"href":"https:\/\/ligamercedina.com\/web\/wp-json\/wp\/v2\/tags?post=24903"}],"curies":[{"name":"wp","href":"https:\/\/api.w.org\/{rel}","templated":true}]}}