{"id":24901,"date":"2019-05-28T22:47:17","date_gmt":"2019-05-29T01:47:17","guid":{"rendered":"https:\/\/ligamercedina.com\/web\/?p=24901"},"modified":"2019-05-30T12:26:24","modified_gmt":"2019-05-30T15:26:24","slug":"futbol-femenino-horarios-para-el-fin-de-semana-35","status":"publish","type":"post","link":"https:\/\/ligamercedina.com\/web\/futbol-femenino-horarios-para-el-fin-de-semana-35\/","title":{"rendered":"FUTBOL FEMENINO: HORARIOS PARA EL FIN DE SEMANA"},"content":{"rendered":"<blockquote><p><strong>PRIMERA FEMENINO<\/strong><\/p><\/blockquote>\n<p><em><strong>S\u00e1bado 1 de junio, cancha Los Carteros<\/strong><\/em><br \/>\n15:00 hs. Envi\u00f3n Vs. Deportivo Gowland<br \/>\n16:00 hs. Costa Brava Vs. V\u00e9lez<br \/>\n17:00 hs. Juventud Vs. Mercedes<br \/>\n18:00 hs. Estudiantes Vs. El Front\u00f3n<br \/>\n19:00 hs. Los Carteros Vs. AMEFIP<\/p>\n<blockquote><p><strong>INFERIORES FEMENINO<\/strong><\/p><\/blockquote>\n<p><em><strong>Domingo 2 de junio, Cancha Comunicaciones -HACE DE LOCAL AMEFIP-<\/strong><\/em><br \/>\n11:00 hs. \u2013SUB 12- V\u00e9lez Vs. Los Carteros<br \/>\n12:00 hs. \u2013SUB 12- Estudiantes Vs. AMEFIP<br \/>\n13:00 hs. \u2013SUB 16- La Loma Vs. El Front\u00f3n<br \/>\n14:00 hs. \u2013SUB 16- Defensores Vs. V\u00e9lez<br \/>\n15:00 hs. \u2013SUB 16- Estudiantes Vs. Alfa<\/p>\n","protected":false},"excerpt":{"rendered":"<p>PRIMERA FEMENINO S\u00e1bado 1 de junio, cancha Los Carteros 15:00 hs. Envi\u00f3n Vs. Deportivo Gowland 16:00 hs. Costa Brava Vs. V\u00e9lez 17:00 hs. Juventud Vs. Mercedes 18:00 hs. Estudiantes Vs. El Front\u00f3n 19:00 hs. Los Carteros Vs. AMEFIP INFERIORES FEMENINO Domingo 2 de junio, Cancha Comunicaciones -HACE DE LOCAL AMEFIP- 11:00 hs. \u2013SUB 12- V\u00e9lez Vs. Los Carteros 12:00 hs.<\/p>\n","protected":false},"author":2,"featured_media":0,"comment_status":"open","ping_status":"open","sticky":false,"template":"","format":"standard","meta":{"footnotes":""},"categories":[4],"tags":[],"class_list":["post-24901","post","type-post","status-publish","format-standard","hentry","category-informaciongeneral"],"_links":{"self":[{"href":"https:\/\/ligamercedina.com\/web\/wp-json\/wp\/v2\/posts\/24901","targetHints":{"allow":["GET"]}}],"collection":[{"href":"https:\/\/ligamercedina.com\/web\/wp-json\/wp\/v2\/posts"}],"about":[{"href":"https:\/\/ligamercedina.com\/web\/wp-json\/wp\/v2\/types\/post"}],"author":[{"embeddable":true,"href":"https:\/\/ligamercedina.com\/web\/wp-json\/wp\/v2\/users\/2"}],"replies":[{"embeddable":true,"href":"https:\/\/ligamercedina.com\/web\/wp-json\/wp\/v2\/comments?post=24901"}],"version-history":[{"count":2,"href":"https:\/\/ligamercedina.com\/web\/wp-json\/wp\/v2\/posts\/24901\/revisions"}],"predecessor-version":[{"id":24905,"href":"https:\/\/ligamercedina.com\/web\/wp-json\/wp\/v2\/posts\/24901\/revisions\/24905"}],"wp:attachment":[{"href":"https:\/\/ligamercedina.com\/web\/wp-json\/wp\/v2\/media?parent=24901"}],"wp:term":[{"taxonomy":"category","embeddable":true,"href":"https:\/\/ligamercedina.com\/web\/wp-json\/wp\/v2\/categories?post=24901"},{"taxonomy":"post_tag","embeddable":true,"href":"https:\/\/ligamercedina.com\/web\/wp-json\/wp\/v2\/tags?post=24901"}],"curies":[{"name":"wp","href":"https:\/\/api.w.org\/{rel}","templated":true}]}}