{"id":24899,"date":"2019-05-28T22:39:10","date_gmt":"2019-05-29T01:39:10","guid":{"rendered":"https:\/\/ligamercedina.com\/web\/?p=24899"},"modified":"2019-06-01T09:50:27","modified_gmt":"2019-06-01T12:50:27","slug":"horarios-para-el-fin-de-semana-170","status":"publish","type":"post","link":"https:\/\/ligamercedina.com\/web\/horarios-para-el-fin-de-semana-170\/","title":{"rendered":"HORARIOS PARA EL FIN DE SEMANA"},"content":{"rendered":"<blockquote><p><strong>PRIMERA DIVISION<\/strong><\/p><\/blockquote>\n<p><em><strong>S\u00e1bado 1 de junio, cancha Liga Mercedina<\/strong><\/em><br \/>\n13:00 hs. Mercedes Vs. Trocha<br \/>\n15:00 hs.  Uni\u00f3n Vs. Estudiantes<br \/>\n17:00 hs.  La Diego Armando Vs. Holanda<\/p>\n<p><em><strong>S\u00e1bado 1 de junio, cancha El Front\u00f3n<\/strong><\/em><br \/>\n17:00 hs. El Front\u00f3n Vs. Talleres<\/p>\n<p><em><strong>Domingo 2 de junio, cancha Liga Mercedina<\/strong><\/em><br \/>\n13:00 hs. AMEFIP Vs. Costa Brava<br \/>\n15:00 hs. El Tim\u00f3n Vs. Palometas<br \/>\n17:00 hs. Quilmes Vs.  Los Carteros<\/p>\n<p><em><strong>Domingo 2 de junio, cancha Juventud<\/strong><\/em><br \/>\n15:00 hs. Juventud Vs. V\u00e9lez Sarsfield<\/p>\n<p><em><strong>Domingo 2 de Junio, cancha Muncipal de Luj\u00e1n<\/strong><\/em><br \/>\n15:00 hs. Col\u00f3n Vs. Atl\u00e9tico Marcos Paz<\/p>\n<blockquote><p><strong>RESERVA<\/strong><\/p><\/blockquote>\n<p><em><strong>S\u00e1bado 1 de junio, cancha Quilmes<\/strong><\/em><br \/>\n15:00 hs.  Quilmes Vs. Los Carteros<\/p>\n<p><em><strong>S\u00e1bado 1 de junio, cancha Ateneo<\/strong><\/em><br \/>\n14:00 hs. La Diego Armando Vs. Holanda<br \/>\n16:00 hs.  Mercedes Vs. Trocha<\/p>\n<p><em><strong>S\u00e1bado 1 de junio, cancha El Tim\u00f3n<\/strong><\/em><br \/>\n15:00 hs. El Tim\u00f3n Vs. Los Palometas<\/p>\n<p><em><strong>S\u00e1bado 1 de junio, cancha Liga Mercedina<\/strong><\/em><br \/>\n19:00 hs. Uni\u00f3n Vs. Estudiantes<\/p>\n<p><em><strong>S\u00e1bado 1 de junio, cancha El Front\u00f3n<\/strong><\/em><br \/>\n19:00 hs. El Front\u00f3n Vs. Talleres<\/p>\n<p><em><strong>Domingo 2 de junio, cancha Juventud<\/strong><\/em><br \/>\n13:00 hs. Juventud Vs. V\u00e9lez Sarsfield<\/p>\n<p><em><strong>Domingo 2 de junio, cancha V\u00e9lez Sarsfield<\/strong><\/em><br \/>\n16:00 hs. AMEFIP Vs. Costa Brava<\/p>\n<p><em><strong>Domingo 2 de Junio cancha Municipal Luj\u00e1n<\/strong><\/em><br \/>\n13:00 hs. Col\u00f3n Vs. Atl\u00e9tico Marcos Paz<\/p>\n<blockquote><p><strong>INFANTIL<\/strong><\/p><\/blockquote>\n<p>El Front\u00f3n Vs. Ateneo, Defensores Vs. Los Carteros, Quilmes Vs. Holanda, Estudiantes Vs. Uni\u00f3n, Palometas Vs. Deportivo Gowland<br \/>\n13:00 hs. Categor\u00eda Promocional<br \/>\n14:00 hs. Categor\u00eda 2010<br \/>\n15:00 hs. Categor\u00eda 2009<br \/>\n16:00 hs. Categor\u00eda 2008<\/p>\n<p>Mercedes \u00abA\u00bb\tVs. Juventud<br \/>\n13:00 hs. Categor\u00eda 2010<br \/>\n14:00 hs. Categor\u00eda 2009<br \/>\n15:00 hs. Categor\u00eda 2008<\/p>\n<blockquote><p><strong>JUVENIL<\/strong><\/p><\/blockquote>\n<p>Mercedes \u00abA\u00bb Vs. Juventud, Palometas Vs. Atl\u00e9tico Marcos Paz<br \/>\n11:00 hs. Categor\u00eda 2005<br \/>\n12:15 hs. Categor\u00eda 2006<br \/>\n13.30 hs. Categor\u00eda 2007<br \/>\n14:45 hs. Categor\u00eda 2004<br \/>\n16:00 hs. Categor\u00eda 5\u00aa<\/p>\n<p>Estudiantes Vs. Uni\u00f3n<br \/>\n12:00 hs. Categor\u00eda 2005<br \/>\n13:15 hs. Categor\u00eda 2006<br \/>\n14.30 hs. Categor\u00eda 2007<br \/>\n15:45 hs. Categor\u00eda 5\u00aa<\/p>\n<p>El Front\u00f3n Vs. Ateneo<br \/>\n10:30 hs. Categor\u00eda 2005<br \/>\n11:45 hs. Categor\u00eda 2006<br \/>\n13.00 hs. Categor\u00eda 2004<br \/>\n14:15 hs. Categor\u00eda 2007<br \/>\n15:30 hs. Categor\u00eda 5\u00aa<\/p>\n<p>Defensores Vs. Los Carteros<br \/>\n12:00 hs. Categor\u00eda 2006<br \/>\n13.15 hs. Categor\u00eda 2007<br \/>\n14:30 hs. Categor\u00eda 2004<\/p>\n<p>Quilmes Vs. Holanda<br \/>\n11:00 hs. Categor\u00eda 2005<br \/>\n12.15 hs. Categor\u00eda 2007<br \/>\n13:30 hs. Categor\u00eda 5\u00aa<\/p>\n<p>Mercedes Vs. Pabell\u00f3n Argentino (Cancha de V\u00e9lez)<br \/>\n12:00 hs. Categor\u00eda 2006<br \/>\n13.15 hs. Categor\u00eda 2007<br \/>\n14:30 hs. Categor\u00eda 2004<br \/>\n15:45 hs. Categor\u00eda 5<\/p>\n","protected":false},"excerpt":{"rendered":"<p>PRIMERA DIVISION S\u00e1bado 1 de junio, cancha Liga Mercedina 13:00 hs. Mercedes Vs. Trocha 15:00 hs. Uni\u00f3n Vs. Estudiantes 17:00 hs. La Diego Armando Vs. Holanda S\u00e1bado 1 de junio, cancha El Front\u00f3n 17:00 hs. El Front\u00f3n Vs. Talleres Domingo 2 de junio, cancha Liga Mercedina 13:00 hs. AMEFIP Vs. Costa Brava 15:00 hs. El Tim\u00f3n Vs. Palometas 17:00 hs.<\/p>\n","protected":false},"author":2,"featured_media":0,"comment_status":"open","ping_status":"open","sticky":false,"template":"","format":"standard","meta":{"footnotes":""},"categories":[4],"tags":[],"class_list":["post-24899","post","type-post","status-publish","format-standard","hentry","category-informaciongeneral"],"_links":{"self":[{"href":"https:\/\/ligamercedina.com\/web\/wp-json\/wp\/v2\/posts\/24899","targetHints":{"allow":["GET"]}}],"collection":[{"href":"https:\/\/ligamercedina.com\/web\/wp-json\/wp\/v2\/posts"}],"about":[{"href":"https:\/\/ligamercedina.com\/web\/wp-json\/wp\/v2\/types\/post"}],"author":[{"embeddable":true,"href":"https:\/\/ligamercedina.com\/web\/wp-json\/wp\/v2\/users\/2"}],"replies":[{"embeddable":true,"href":"https:\/\/ligamercedina.com\/web\/wp-json\/wp\/v2\/comments?post=24899"}],"version-history":[{"count":2,"href":"https:\/\/ligamercedina.com\/web\/wp-json\/wp\/v2\/posts\/24899\/revisions"}],"predecessor-version":[{"id":24916,"href":"https:\/\/ligamercedina.com\/web\/wp-json\/wp\/v2\/posts\/24899\/revisions\/24916"}],"wp:attachment":[{"href":"https:\/\/ligamercedina.com\/web\/wp-json\/wp\/v2\/media?parent=24899"}],"wp:term":[{"taxonomy":"category","embeddable":true,"href":"https:\/\/ligamercedina.com\/web\/wp-json\/wp\/v2\/categories?post=24899"},{"taxonomy":"post_tag","embeddable":true,"href":"https:\/\/ligamercedina.com\/web\/wp-json\/wp\/v2\/tags?post=24899"}],"curies":[{"name":"wp","href":"https:\/\/api.w.org\/{rel}","templated":true}]}}