{"id":24891,"date":"2019-05-28T16:45:50","date_gmt":"2019-05-28T19:45:50","guid":{"rendered":"https:\/\/ligamercedina.com\/web\/?p=24891"},"modified":"2019-05-28T17:54:41","modified_gmt":"2019-05-28T20:54:41","slug":"seleccion-sub-15-lista-de-convocados","status":"publish","type":"post","link":"https:\/\/ligamercedina.com\/web\/seleccion-sub-15-lista-de-convocados\/","title":{"rendered":"SELECCION SUB 15: LISTA DE CONVOCADOS"},"content":{"rendered":"<p>A continuaci\u00f3n se brinda la lista de convocados por el Cuerpo T\u00e9cnico de la Selecci\u00f3n Sub 15 con vistas a participaci\u00f3n en el pr\u00f3ximo Torneo Nacional de Selecciones.<br \/>\nLos jugadores deben presentarse este mi\u00e9rcoles a las 19 horas en el Estadio de la Liga Mercedina<\/p>\n<p><strong>ARQUEROS<\/strong><br \/>\nGARCIA, Enzo<br \/>\nGONZALEZ, Bruno<br \/>\nGUZMAN, Lautaro<br \/>\nFUNES, Agust\u00edn<\/p>\n<p><strong>DEFENSORES<\/strong><br \/>\nADORNO, Mat\u00edas<br \/>\nCARDOZO, Agust\u00edn<br \/>\nCASCO, Walter<br \/>\nCORDOBA, Mateo<br \/>\nCORES, Lorenzo<br \/>\nDOMINGUEZ, Angel<br \/>\nFERNANDEZ, Kevin<br \/>\nFERREYRA, Axel<br \/>\nGONZALEZ, Tom\u00e1s<br \/>\nGONZALEZ, Jorge<br \/>\nROMAGNOLI, Valentino<br \/>\nUBOLDI, Samuel<\/p>\n<p><strong>VOLANTES<\/strong><br \/>\nBARRIOS, Ignacio<br \/>\nBESSEGA, Bautista<br \/>\nCOLOMBO, Jon\u00e1s<br \/>\nGALLARDO, Francisco<br \/>\nGOMEZ, Marcos<br \/>\nGUZMAN, Joaqu\u00edn<br \/>\nMARTINEZ, Lautaro<br \/>\nPUGGIONI, Luca<br \/>\nROSSI, Augusto<br \/>\nBELTRAME, Leonardo<br \/>\nCRUZ, Mateo<\/p>\n<p><strong>DELANTEROS<\/strong><br \/>\nASCHERO, Felipe<br \/>\nGIMENEZ, Mat\u00edas<br \/>\nLEDESMA, Joaqu\u00edn<br \/>\nLUCERO, Tom\u00e1s Agust\u00edn<br \/>\nPARDO, Uriel<br \/>\nRAMALLO, Gonzalo<br \/>\nSAMAT, Daniel<\/p>\n","protected":false},"excerpt":{"rendered":"<p>A continuaci\u00f3n se brinda la lista de convocados por el Cuerpo T\u00e9cnico de la Selecci\u00f3n Sub 15 con vistas a participaci\u00f3n en el pr\u00f3ximo Torneo Nacional de Selecciones. Los jugadores deben presentarse este mi\u00e9rcoles a las 19 horas en el Estadio de la Liga Mercedina ARQUEROS GARCIA, Enzo GONZALEZ, Bruno GUZMAN, Lautaro FUNES, Agust\u00edn DEFENSORES ADORNO, Mat\u00edas CARDOZO, Agust\u00edn CASCO,<\/p>\n","protected":false},"author":2,"featured_media":0,"comment_status":"closed","ping_status":"closed","sticky":false,"template":"","format":"standard","meta":{"footnotes":""},"categories":[4],"tags":[],"class_list":["post-24891","post","type-post","status-publish","format-standard","hentry","category-informaciongeneral"],"_links":{"self":[{"href":"https:\/\/ligamercedina.com\/web\/wp-json\/wp\/v2\/posts\/24891","targetHints":{"allow":["GET"]}}],"collection":[{"href":"https:\/\/ligamercedina.com\/web\/wp-json\/wp\/v2\/posts"}],"about":[{"href":"https:\/\/ligamercedina.com\/web\/wp-json\/wp\/v2\/types\/post"}],"author":[{"embeddable":true,"href":"https:\/\/ligamercedina.com\/web\/wp-json\/wp\/v2\/users\/2"}],"replies":[{"embeddable":true,"href":"https:\/\/ligamercedina.com\/web\/wp-json\/wp\/v2\/comments?post=24891"}],"version-history":[{"count":5,"href":"https:\/\/ligamercedina.com\/web\/wp-json\/wp\/v2\/posts\/24891\/revisions"}],"predecessor-version":[{"id":24897,"href":"https:\/\/ligamercedina.com\/web\/wp-json\/wp\/v2\/posts\/24891\/revisions\/24897"}],"wp:attachment":[{"href":"https:\/\/ligamercedina.com\/web\/wp-json\/wp\/v2\/media?parent=24891"}],"wp:term":[{"taxonomy":"category","embeddable":true,"href":"https:\/\/ligamercedina.com\/web\/wp-json\/wp\/v2\/categories?post=24891"},{"taxonomy":"post_tag","embeddable":true,"href":"https:\/\/ligamercedina.com\/web\/wp-json\/wp\/v2\/tags?post=24891"}],"curies":[{"name":"wp","href":"https:\/\/api.w.org\/{rel}","templated":true}]}}