{"id":24869,"date":"2019-05-23T17:46:48","date_gmt":"2019-05-23T20:46:48","guid":{"rendered":"https:\/\/ligamercedina.com\/web\/?p=24869"},"modified":"2019-05-23T17:46:48","modified_gmt":"2019-05-23T20:46:48","slug":"amonestaciones-jugadores-suspendidos-3","status":"publish","type":"post","link":"https:\/\/ligamercedina.com\/web\/amonestaciones-jugadores-suspendidos-3\/","title":{"rendered":"AMONESTACIONES: JUGADORES SUSPENDIDOS"},"content":{"rendered":"<p>A continuaci\u00f3n se detallan datos de los jugadores con amarillas<\/p>\n<p><strong><strong>CON CINCO (5) AMARILLAS Y UN PARTIDO DE SUSPENSION<\/strong><\/strong><br \/>\nCabral Sebasti\u00e1n (Mercedes)<br \/>\nScheitler Maximiliano (Palometas)<br \/>\nGallo Lucas (Trocha)<br \/>\nMedina Enzo (Ateneo)<\/p>\n<blockquote><p><strong>JUGADORES CON CUATRO (4) AMONESTACIONES<\/strong><\/p><\/blockquote>\n<p>G\u00f3mez, Mat\u00edas (Costa Brava)<br \/>\nSelva Santiago (Mercedes)<br \/>\nCuberas Tob\u00edas (Col\u00f3n)<br \/>\nPiccone Lucas (Mercedes)<br \/>\nPereira, Cristian (Palometas<br \/>\nBigongiari, Manuel (Ateneo)<br \/>\nBartolomeo Nicol\u00e1s (V\u00e9lez)<br \/>\nBarbieri Pablo (Tim\u00f3n)<br \/>\nRodr\u00edguez Jos\u00e9 (Defensores)<br \/>\nBidone Juan B. (Mercedes)<br \/>\nLawler, Juan (Juventud)<br \/>\nLucero Gast\u00f3n (Holanda)<br \/>\nSala Sebasti\u00e1n (Tim\u00f3n)<br \/>\nJuanicotena Agust\u00edn (Mercedes)<br \/>\nJara Daniel (V\u00e9lez)<br \/>\nDe la Cuesta Agustin (Front\u00f3n)<br \/>\nCarretto Martin (Juventud)<br \/>\nAguirre Marcelo (Trocha)<br \/>\nBlanco Lucas (AMEFIP)<br \/>\nAtampi Gonzalo (Quilmes)<br \/>\nL\u00f3pez Jonathan (Quilmes)<br \/>\nTorre Lautaro (Ateneo)<br \/>\nSu\u00e1rez Edgardo (Juventud)<br \/>\nP\u00e9rez Franco (Mercedes)<br \/>\nSilvestre Francisco (Mercedes)<br \/>\nAtampi Lucas (La Diego Armando)<br \/>\nCastro Maximiliano (Trocha)<\/p>\n","protected":false},"excerpt":{"rendered":"<p>A continuaci\u00f3n se detallan datos de los jugadores con amarillas CON CINCO (5) AMARILLAS Y UN PARTIDO DE SUSPENSION Cabral Sebasti\u00e1n (Mercedes) Scheitler Maximiliano (Palometas) Gallo Lucas (Trocha) Medina Enzo (Ateneo) JUGADORES CON CUATRO (4) AMONESTACIONES G\u00f3mez, Mat\u00edas (Costa Brava) Selva Santiago (Mercedes) Cuberas Tob\u00edas (Col\u00f3n) Piccone Lucas (Mercedes) Pereira, Cristian (Palometas Bigongiari, Manuel (Ateneo) Bartolomeo Nicol\u00e1s (V\u00e9lez) Barbieri Pablo<\/p>\n","protected":false},"author":2,"featured_media":0,"comment_status":"open","ping_status":"open","sticky":false,"template":"","format":"standard","meta":{"footnotes":""},"categories":[4],"tags":[],"class_list":["post-24869","post","type-post","status-publish","format-standard","hentry","category-informaciongeneral"],"_links":{"self":[{"href":"https:\/\/ligamercedina.com\/web\/wp-json\/wp\/v2\/posts\/24869","targetHints":{"allow":["GET"]}}],"collection":[{"href":"https:\/\/ligamercedina.com\/web\/wp-json\/wp\/v2\/posts"}],"about":[{"href":"https:\/\/ligamercedina.com\/web\/wp-json\/wp\/v2\/types\/post"}],"author":[{"embeddable":true,"href":"https:\/\/ligamercedina.com\/web\/wp-json\/wp\/v2\/users\/2"}],"replies":[{"embeddable":true,"href":"https:\/\/ligamercedina.com\/web\/wp-json\/wp\/v2\/comments?post=24869"}],"version-history":[{"count":1,"href":"https:\/\/ligamercedina.com\/web\/wp-json\/wp\/v2\/posts\/24869\/revisions"}],"predecessor-version":[{"id":24870,"href":"https:\/\/ligamercedina.com\/web\/wp-json\/wp\/v2\/posts\/24869\/revisions\/24870"}],"wp:attachment":[{"href":"https:\/\/ligamercedina.com\/web\/wp-json\/wp\/v2\/media?parent=24869"}],"wp:term":[{"taxonomy":"category","embeddable":true,"href":"https:\/\/ligamercedina.com\/web\/wp-json\/wp\/v2\/categories?post=24869"},{"taxonomy":"post_tag","embeddable":true,"href":"https:\/\/ligamercedina.com\/web\/wp-json\/wp\/v2\/tags?post=24869"}],"curies":[{"name":"wp","href":"https:\/\/api.w.org\/{rel}","templated":true}]}}