{"id":24823,"date":"2019-05-15T00:33:31","date_gmt":"2019-05-15T03:33:31","guid":{"rendered":"https:\/\/ligamercedina.com\/web\/?p=24823"},"modified":"2019-05-16T09:44:58","modified_gmt":"2019-05-16T12:44:58","slug":"futbol-femenino-horarios-para-el-fin-de-semana-33","status":"publish","type":"post","link":"https:\/\/ligamercedina.com\/web\/futbol-femenino-horarios-para-el-fin-de-semana-33\/","title":{"rendered":"FUTBOL FEMENINO: HORARIOS PARA EL FIN DE SEMANA"},"content":{"rendered":"<blockquote><p><strong>PRIMERA DIVISION<\/strong><\/p><\/blockquote>\n<p><em><strong>S\u00e1bado 18 de mayo, cancha V\u00e9lez<\/strong><\/em><br \/>\n13:00 hs. El Front\u00f3n Vs. V\u00e9lez<br \/>\n14:00 hs. Los Carteros Vs. Alfa<br \/>\n15.00 hs. Juventud Vs. Deportivo Gowland<br \/>\n16:00 hs. Costa Brava Vs. AMEFIP<br \/>\n17:00 hs. Estudiantes Vs. Mercedes\t<\/p>\n<p><em><strong>Domingo 19 de mayo, cancha V\u00e9lez Sarsfield<\/strong><\/em><br \/>\n11:00 hs. -SUB 12- Los Carteros Vs. AMEFIP<br \/>\n12:00 hs. -SUB 12- Alfa Vs. V\u00e9lez<br \/>\n13:00 hs. -SUB 16- Defensores Vs. Los Carteros<br \/>\n14:00 hs. -SUB 16- Alfa Vs. V\u00e9lez<br \/>\n15:00 hs. -SUB 16- Estudiantes Vs. El Front\u00f3n<\/p>\n","protected":false},"excerpt":{"rendered":"<p>PRIMERA DIVISION S\u00e1bado 18 de mayo, cancha V\u00e9lez 13:00 hs. El Front\u00f3n Vs. V\u00e9lez 14:00 hs. Los Carteros Vs. Alfa 15.00 hs. Juventud Vs. Deportivo Gowland 16:00 hs. Costa Brava Vs. AMEFIP 17:00 hs. Estudiantes Vs. Mercedes Domingo 19 de mayo, cancha V\u00e9lez Sarsfield 11:00 hs. -SUB 12- Los Carteros Vs. AMEFIP 12:00 hs. -SUB 12- Alfa Vs. V\u00e9lez 13:00<\/p>\n","protected":false},"author":2,"featured_media":0,"comment_status":"open","ping_status":"open","sticky":false,"template":"","format":"standard","meta":{"footnotes":""},"categories":[4],"tags":[],"class_list":["post-24823","post","type-post","status-publish","format-standard","hentry","category-informaciongeneral"],"_links":{"self":[{"href":"https:\/\/ligamercedina.com\/web\/wp-json\/wp\/v2\/posts\/24823","targetHints":{"allow":["GET"]}}],"collection":[{"href":"https:\/\/ligamercedina.com\/web\/wp-json\/wp\/v2\/posts"}],"about":[{"href":"https:\/\/ligamercedina.com\/web\/wp-json\/wp\/v2\/types\/post"}],"author":[{"embeddable":true,"href":"https:\/\/ligamercedina.com\/web\/wp-json\/wp\/v2\/users\/2"}],"replies":[{"embeddable":true,"href":"https:\/\/ligamercedina.com\/web\/wp-json\/wp\/v2\/comments?post=24823"}],"version-history":[{"count":2,"href":"https:\/\/ligamercedina.com\/web\/wp-json\/wp\/v2\/posts\/24823\/revisions"}],"predecessor-version":[{"id":24827,"href":"https:\/\/ligamercedina.com\/web\/wp-json\/wp\/v2\/posts\/24823\/revisions\/24827"}],"wp:attachment":[{"href":"https:\/\/ligamercedina.com\/web\/wp-json\/wp\/v2\/media?parent=24823"}],"wp:term":[{"taxonomy":"category","embeddable":true,"href":"https:\/\/ligamercedina.com\/web\/wp-json\/wp\/v2\/categories?post=24823"},{"taxonomy":"post_tag","embeddable":true,"href":"https:\/\/ligamercedina.com\/web\/wp-json\/wp\/v2\/tags?post=24823"}],"curies":[{"name":"wp","href":"https:\/\/api.w.org\/{rel}","templated":true}]}}