{"id":24699,"date":"2019-04-30T09:20:11","date_gmt":"2019-04-30T12:20:11","guid":{"rendered":"https:\/\/ligamercedina.com\/web\/?p=24699"},"modified":"2019-04-30T09:20:11","modified_gmt":"2019-04-30T12:20:11","slug":"reserva-cambios-de-horarios","status":"publish","type":"post","link":"https:\/\/ligamercedina.com\/web\/reserva-cambios-de-horarios\/","title":{"rendered":"RESERVA: CAMBIOS DE HORARIOS"},"content":{"rendered":"<p><strong>Se hace saber que el encuentro de Reserve entre El Tim\u00f3n y Holanda se jugar\u00e1 el domingo a las 15 horas en cancha de El Tim\u00f3n.<\/p>\n<p>Atento a esto, el encuentro entre Quilmes y Ateneo se adelanta para las 15 horas del s\u00e1bado<\/strong><\/p>\n","protected":false},"excerpt":{"rendered":"<p>Se hace saber que el encuentro de Reserve entre El Tim\u00f3n y Holanda se jugar\u00e1 el domingo a las 15 horas en cancha de El Tim\u00f3n. Atento a esto, el encuentro entre Quilmes y Ateneo se adelanta para las 15 horas del s\u00e1bado<\/p>\n","protected":false},"author":2,"featured_media":0,"comment_status":"open","ping_status":"open","sticky":false,"template":"","format":"standard","meta":{"footnotes":""},"categories":[4],"tags":[],"class_list":["post-24699","post","type-post","status-publish","format-standard","hentry","category-informaciongeneral"],"_links":{"self":[{"href":"https:\/\/ligamercedina.com\/web\/wp-json\/wp\/v2\/posts\/24699","targetHints":{"allow":["GET"]}}],"collection":[{"href":"https:\/\/ligamercedina.com\/web\/wp-json\/wp\/v2\/posts"}],"about":[{"href":"https:\/\/ligamercedina.com\/web\/wp-json\/wp\/v2\/types\/post"}],"author":[{"embeddable":true,"href":"https:\/\/ligamercedina.com\/web\/wp-json\/wp\/v2\/users\/2"}],"replies":[{"embeddable":true,"href":"https:\/\/ligamercedina.com\/web\/wp-json\/wp\/v2\/comments?post=24699"}],"version-history":[{"count":1,"href":"https:\/\/ligamercedina.com\/web\/wp-json\/wp\/v2\/posts\/24699\/revisions"}],"predecessor-version":[{"id":24700,"href":"https:\/\/ligamercedina.com\/web\/wp-json\/wp\/v2\/posts\/24699\/revisions\/24700"}],"wp:attachment":[{"href":"https:\/\/ligamercedina.com\/web\/wp-json\/wp\/v2\/media?parent=24699"}],"wp:term":[{"taxonomy":"category","embeddable":true,"href":"https:\/\/ligamercedina.com\/web\/wp-json\/wp\/v2\/categories?post=24699"},{"taxonomy":"post_tag","embeddable":true,"href":"https:\/\/ligamercedina.com\/web\/wp-json\/wp\/v2\/tags?post=24699"}],"curies":[{"name":"wp","href":"https:\/\/api.w.org\/{rel}","templated":true}]}}