{"id":24674,"date":"2019-04-26T20:02:48","date_gmt":"2019-04-26T23:02:48","guid":{"rendered":"https:\/\/ligamercedina.com\/web\/?p=24674"},"modified":"2019-04-26T20:54:43","modified_gmt":"2019-04-26T23:54:43","slug":"reserva-modificaciones-horarias-y-de-canchas","status":"publish","type":"post","link":"https:\/\/ligamercedina.com\/web\/reserva-modificaciones-horarias-y-de-canchas\/","title":{"rendered":"RESERVA: MODIFICACIONES HORARIAS Y DE CANCHAS"},"content":{"rendered":"<p><em><strong>S\u00e1bado 27 de abril, cancha ATENEO<\/strong><\/em><br \/>\n15:00 hs. Mercedes Vs. Ateneo<\/p>\n<p><em><strong>S\u00e1bado27 de abril, cancha Juventud<\/strong><\/em><br \/>\n14:00 hs. Juventud Vs. El Tim\u00f3n<\/p>\n<p><em><strong>S\u00e1bado 27 de abril, cancha VELEZ<\/strong><\/em><br \/>\n14:00 hs. Palometas Vs. AMEFIP<br \/>\n16:15 hs. Holanda Vs. Uni\u00f3n<\/p>\n<p><em><strong>S\u00e1bado 27 de abril, cancha Los Carteros<\/strong><\/em><br \/>\n16:00 hs. Los Carteros Vs. Talleres Payr\u00f3<\/p>\n<p><em><strong>S\u00e1bado 27 de abril, cancha Liga Mercedina<\/strong><\/em><br \/>\n18:00 hs. V\u00e9lez S\u00e1rsfield Vs. Costa Brava<\/p>\n<p><em><strong>Domingo 28 de abril, cancha Municipal Luj\u00e1n<\/strong><\/em><br \/>\n13:00 hs.  Col\u00f3n Vs. Trocha<\/p>\n<p><em><strong>Martes 30 de abril, cancha El Front\u00f3n<\/strong><\/em><br \/>\n19:30 hs. El Front\u00f3n Vs. Defensores Jrs<\/p>\n<p><em><strong>Mi\u00e9rcoles 1 de mayo, cancha Pabell\u00f3n Argentino<\/strong><\/em><br \/>\n17:30 hs. Pabell\u00f3n Argentino Vs. Estudiantes<\/p>\n","protected":false},"excerpt":{"rendered":"<p>S\u00e1bado 27 de abril, cancha ATENEO 15:00 hs. Mercedes Vs. Ateneo S\u00e1bado27 de abril, cancha Juventud 14:00 hs. Juventud Vs. El Tim\u00f3n S\u00e1bado 27 de abril, cancha VELEZ 14:00 hs. Palometas Vs. AMEFIP 16:15 hs. Holanda Vs. Uni\u00f3n S\u00e1bado 27 de abril, cancha Los Carteros 16:00 hs. Los Carteros Vs. Talleres Payr\u00f3 S\u00e1bado 27 de abril, cancha Liga Mercedina 18:00<\/p>\n","protected":false},"author":2,"featured_media":0,"comment_status":"open","ping_status":"open","sticky":false,"template":"","format":"standard","meta":{"footnotes":""},"categories":[4],"tags":[],"class_list":["post-24674","post","type-post","status-publish","format-standard","hentry","category-informaciongeneral"],"_links":{"self":[{"href":"https:\/\/ligamercedina.com\/web\/wp-json\/wp\/v2\/posts\/24674","targetHints":{"allow":["GET"]}}],"collection":[{"href":"https:\/\/ligamercedina.com\/web\/wp-json\/wp\/v2\/posts"}],"about":[{"href":"https:\/\/ligamercedina.com\/web\/wp-json\/wp\/v2\/types\/post"}],"author":[{"embeddable":true,"href":"https:\/\/ligamercedina.com\/web\/wp-json\/wp\/v2\/users\/2"}],"replies":[{"embeddable":true,"href":"https:\/\/ligamercedina.com\/web\/wp-json\/wp\/v2\/comments?post=24674"}],"version-history":[{"count":2,"href":"https:\/\/ligamercedina.com\/web\/wp-json\/wp\/v2\/posts\/24674\/revisions"}],"predecessor-version":[{"id":24676,"href":"https:\/\/ligamercedina.com\/web\/wp-json\/wp\/v2\/posts\/24674\/revisions\/24676"}],"wp:attachment":[{"href":"https:\/\/ligamercedina.com\/web\/wp-json\/wp\/v2\/media?parent=24674"}],"wp:term":[{"taxonomy":"category","embeddable":true,"href":"https:\/\/ligamercedina.com\/web\/wp-json\/wp\/v2\/categories?post=24674"},{"taxonomy":"post_tag","embeddable":true,"href":"https:\/\/ligamercedina.com\/web\/wp-json\/wp\/v2\/tags?post=24674"}],"curies":[{"name":"wp","href":"https:\/\/api.w.org\/{rel}","templated":true}]}}