{"id":24385,"date":"2019-03-23T10:22:48","date_gmt":"2019-03-23T13:22:48","guid":{"rendered":"https:\/\/ligamercedina.com\/web\/?p=24385"},"modified":"2019-03-23T10:22:48","modified_gmt":"2019-03-23T13:22:48","slug":"primera-reserva-reprogramacion-de-partidos","status":"publish","type":"post","link":"https:\/\/ligamercedina.com\/web\/primera-reserva-reprogramacion-de-partidos\/","title":{"rendered":"PRIMERA &#8211; RESERVA: REPROGRAMACION DE PARTIDOS"},"content":{"rendered":"<p><em><strong>Martes 26 de marzo, cancha Liga Mercedina<\/strong><\/em><br \/>\n19:30 hs. &#8211; RESERVA- Mercedes Vs. Estudiantes<br \/>\n21:15 hs. -PRIMERA- Mercedes Vs. Estudiantes<\/p>\n<p><em><strong>* Lunes por la ma\u00f1ana se resolver\u00e1 si ambos partidos se disputan a puertas cerradas. (De ser as\u00ed, solo ingresar\u00edan a las tribunas dos personas por instituci\u00f3n)<\/strong><\/em><\/p>\n","protected":false},"excerpt":{"rendered":"<p>Martes 26 de marzo, cancha Liga Mercedina 19:30 hs. &#8211; RESERVA- Mercedes Vs. Estudiantes 21:15 hs. -PRIMERA- Mercedes Vs. Estudiantes * Lunes por la ma\u00f1ana se resolver\u00e1 si ambos partidos se disputan a puertas cerradas. (De ser as\u00ed, solo ingresar\u00edan a las tribunas dos personas por instituci\u00f3n)<\/p>\n","protected":false},"author":2,"featured_media":0,"comment_status":"open","ping_status":"open","sticky":false,"template":"","format":"standard","meta":{"footnotes":""},"categories":[4],"tags":[],"class_list":["post-24385","post","type-post","status-publish","format-standard","hentry","category-informaciongeneral"],"_links":{"self":[{"href":"https:\/\/ligamercedina.com\/web\/wp-json\/wp\/v2\/posts\/24385","targetHints":{"allow":["GET"]}}],"collection":[{"href":"https:\/\/ligamercedina.com\/web\/wp-json\/wp\/v2\/posts"}],"about":[{"href":"https:\/\/ligamercedina.com\/web\/wp-json\/wp\/v2\/types\/post"}],"author":[{"embeddable":true,"href":"https:\/\/ligamercedina.com\/web\/wp-json\/wp\/v2\/users\/2"}],"replies":[{"embeddable":true,"href":"https:\/\/ligamercedina.com\/web\/wp-json\/wp\/v2\/comments?post=24385"}],"version-history":[{"count":1,"href":"https:\/\/ligamercedina.com\/web\/wp-json\/wp\/v2\/posts\/24385\/revisions"}],"predecessor-version":[{"id":24386,"href":"https:\/\/ligamercedina.com\/web\/wp-json\/wp\/v2\/posts\/24385\/revisions\/24386"}],"wp:attachment":[{"href":"https:\/\/ligamercedina.com\/web\/wp-json\/wp\/v2\/media?parent=24385"}],"wp:term":[{"taxonomy":"category","embeddable":true,"href":"https:\/\/ligamercedina.com\/web\/wp-json\/wp\/v2\/categories?post=24385"},{"taxonomy":"post_tag","embeddable":true,"href":"https:\/\/ligamercedina.com\/web\/wp-json\/wp\/v2\/tags?post=24385"}],"curies":[{"name":"wp","href":"https:\/\/api.w.org\/{rel}","templated":true}]}}