{"id":2431,"date":"2009-10-10T19:53:03","date_gmt":"2009-10-10T22:53:03","guid":{"rendered":"https:\/\/ligamercedina.com\/?p=2431"},"modified":"2009-10-10T19:53:03","modified_gmt":"2009-10-10T22:53:03","slug":"resultados-del-futbol-infantil-15","status":"publish","type":"post","link":"https:\/\/ligamercedina.com\/web\/resultados-del-futbol-infantil-15\/","title":{"rendered":"RESULTADOS DEL FUTBOL INFANTIL"},"content":{"rendered":"<ul>\n<strong>UNION VS. MERCEDES<\/strong><\/ul>\n<p>Categor\u00eda 2000: <strong>0 &#8211; 3<\/strong> (Eli\u00e1n Zuleta 3)<br \/>\nCategor\u00eda 99: <strong>0 &#8211; 0<\/strong><br \/>\nCategor\u00eda 98: <strong>0 &#8211; 0<\/strong><!--more--><br \/>\nCategor\u00eda 97: <strong>1<\/strong> (Lucas Ch\u00e1vez) &#8211; <strong>3<\/strong> (Manuel Bonnet, Marcos Cagnone y Leandro Cerd\u00e1)<\/p>\n<ul>\n<strong>VELEZ SARSFIELD VS. QUILMES<\/strong><\/ul>\n<p>Categor\u00eda 2000: <strong>0 &#8211; 2<\/strong> (El\u00edas Villalba y Tom\u00e1s Zalba)<br \/>\nCategor\u00eda 99: <strong>1<\/strong> (Adri\u00e1n Flores) &#8211; <strong>2<\/strong> (Braian Climi\u00f1o y Juli\u00e1n G\u00f3mez)<br \/>\nCategor\u00eda 98: <strong>0 &#8211; 0<\/strong><br \/>\nCategor\u00eda 97: <strong>1<\/strong> (Santiago Escudero) &#8211; <strong>1<\/strong> (Joel Tust)<br \/>\nCategor\u00eda 96: <strong>1<\/strong> (Nicol\u00e1s Ram\u00edrez) &#8211; <strong>0<\/strong><br \/>\nCategor\u00eda 95: <strong>0 &#8211; 1<\/strong><br \/>\nCategor\u00eda 94: <strong>5<\/strong> (Braian Escudero 2, Maximiliano Porticella y Ramiro V\u00e1zquez 2) &#8211; <strong>0<\/strong><br \/>\nCategor\u00eda 93-92: <strong>3<\/strong> (Diego Dubertti 2 y Lucas Lofreda) &#8211; <strong>0<\/strong><\/p>\n<ul>\n<strong>ESTUDIANTES VS. ATENEO<\/strong><\/ul>\n<p>Categor\u00eda 2000: <strong>1<\/strong> (Juan Virto) &#8211; <strong>5<\/strong> (Joaqu\u00edn R\u00edsola 3, Manuel Bigongiari y Facundo Godoy)<br \/>\nCategor\u00eda 99: <strong>1<\/strong> (Tom\u00e1s Maldonado) &#8211; <strong>2<\/strong> (Mat\u00edas Canziani y Joaqu\u00edn Mendiola)<br \/>\nCategor\u00eda 98: <strong>5<\/strong> (Nic\u00f3l\u00e1s Bartolomeo, Santiago Fern\u00e1ndez, Lucas Gallo, Agust\u00edn Lapenta y Nahuel Maciel) &#8211; <strong>0<\/strong><br \/>\nCategor\u00eda 97: <strong>0 &#8211; 1<\/strong> (Nicol\u00e1s P\u00e9rez)<br \/>\nCategor\u00eda 96: <strong>1<\/strong> (Juli\u00e1n Ivachich) &#8211; <strong>1<\/strong> (Claudio Carrizo)<br \/>\nCategor\u00eda 95: <strong>7<\/strong> (Ezequiel Avelar, Lucas Blanco 2, Carlos Dubertti 2, Marcos Strevezza y Franco Torres) &#8211; <strong>0<\/strong><br \/>\nCategor\u00eda 94: <strong>0 &#8211; 0<\/strong><br \/>\nCategor\u00eda 93-92: Postergado, se juega el lunes 12<\/p>\n<ul>\n<strong>MERCEDES \u00abA\u00bb VS. COMUNICACIONES<\/strong><\/ul>\n<p>Categor\u00eda 2000: <strong>0 &#8211; 2<\/strong> (Franco Mezza 2)<br \/>\nCategor\u00eda 99: <strong>1 &#8211; 0<\/strong><br \/>\nCategor\u00eda 98: <strong>0 &#8211; 0<\/strong><br \/>\nCategor\u00eda 97: <strong>2<\/strong> (Juan Giorgione y Ariel Sarr\u00eda) &#8211; <strong>3<\/strong> (Alejandro Capuano 2 y Joaqu\u00edn Torres)<br \/>\nCategor\u00eda 96: <strong>3<\/strong> (Agust\u00edn Biggi 3) &#8211; <strong>0<\/strong><br \/>\nCategor\u00eda 95: <strong>0 &#8211; 2<\/strong> (Juan Romano y Mart\u00edn Ver\u00f3n)<br \/>\nCategor\u00eda 94: <strong>0 &#8211; 4<\/strong> (Jorge Garabello 2, Joaqu\u00edn Valenzuela y Leandro Vega)<br \/>\nCategor\u00eda 93-92: <strong>2<\/strong> (Julio Dom\u00ednguez y Juli\u00e1n Lussello) &#8211; <strong>0<\/strong><\/p>\n<ul>\n<strong>EL FRONTON VS. JUVENTUD<\/strong><\/ul>\n<p>Categor\u00eda 2000: <strong>0 &#8211; 0<\/strong><br \/>\nCategor\u00eda 99: <strong>1<\/strong> (Santiago Vela) &#8211; <strong>0<\/strong><br \/>\nCategor\u00eda 98: <strong>0 &#8211; 1<\/strong> (Juli\u00e1n G\u00f3mez)<br \/>\nCategor\u00eda 97: <strong>1<\/strong> (Mat\u00edas Casas) &#8211; <strong>1<\/strong> (Alejo P\u00e9rez Zunino)<br \/>\nCategor\u00eda 96: <strong>2<\/strong> (Federico Cazaub\u00f3n y Santiago Sogeti) &#8211; <strong>3<\/strong> (Lucio D\u00edaz, Rodrigo Fanuchi y Emmanuel Garc\u00eda)<br \/>\nCategor\u00eda 95: <strong>0 &#8211; 2<\/strong> (Lucas P\u00e9rez Zunino y Juli\u00e1n Regojo)<br \/>\nCategor\u00eda 94: <strong>2<\/strong> (Francisco Lennard y Blas Tallarico) &#8211; <strong>2<\/strong> (Vicente Bernal y Alfonso Salaverri)<br \/>\nCategor\u00eda 93-92: <strong>0 &#8211; 0<\/strong><\/p>\n","protected":false},"excerpt":{"rendered":"<p>UNION VS. MERCEDES Categor\u00eda 2000: 0 &#8211; 3 (Eli\u00e1n Zuleta 3) Categor\u00eda 99: 0 &#8211; 0 Categor\u00eda 98: 0 &#8211; 0<\/p>\n","protected":false},"author":1,"featured_media":0,"comment_status":"open","ping_status":"open","sticky":false,"template":"","format":"standard","meta":{"footnotes":""},"categories":[4],"tags":[],"class_list":["post-2431","post","type-post","status-publish","format-standard","hentry","category-informaciongeneral"],"_links":{"self":[{"href":"https:\/\/ligamercedina.com\/web\/wp-json\/wp\/v2\/posts\/2431","targetHints":{"allow":["GET"]}}],"collection":[{"href":"https:\/\/ligamercedina.com\/web\/wp-json\/wp\/v2\/posts"}],"about":[{"href":"https:\/\/ligamercedina.com\/web\/wp-json\/wp\/v2\/types\/post"}],"author":[{"embeddable":true,"href":"https:\/\/ligamercedina.com\/web\/wp-json\/wp\/v2\/users\/1"}],"replies":[{"embeddable":true,"href":"https:\/\/ligamercedina.com\/web\/wp-json\/wp\/v2\/comments?post=2431"}],"version-history":[{"count":11,"href":"https:\/\/ligamercedina.com\/web\/wp-json\/wp\/v2\/posts\/2431\/revisions"}],"predecessor-version":[{"id":2433,"href":"https:\/\/ligamercedina.com\/web\/wp-json\/wp\/v2\/posts\/2431\/revisions\/2433"}],"wp:attachment":[{"href":"https:\/\/ligamercedina.com\/web\/wp-json\/wp\/v2\/media?parent=2431"}],"wp:term":[{"taxonomy":"category","embeddable":true,"href":"https:\/\/ligamercedina.com\/web\/wp-json\/wp\/v2\/categories?post=2431"},{"taxonomy":"post_tag","embeddable":true,"href":"https:\/\/ligamercedina.com\/web\/wp-json\/wp\/v2\/tags?post=2431"}],"curies":[{"name":"wp","href":"https:\/\/api.w.org\/{rel}","templated":true}]}}