{"id":2403,"date":"2009-10-06T08:43:28","date_gmt":"2009-10-06T11:43:28","guid":{"rendered":"https:\/\/ligamercedina.com\/?p=2403"},"modified":"2009-10-06T08:43:28","modified_gmt":"2009-10-06T11:43:28","slug":"horarios-para-el-fin-de-semana-43","status":"publish","type":"post","link":"https:\/\/ligamercedina.com\/web\/horarios-para-el-fin-de-semana-43\/","title":{"rendered":"HORARIOS PARA EL FIN DE SEMANA"},"content":{"rendered":"<blockquote><p><strong>RESERVA<\/strong><\/p><\/blockquote>\n<p><strong>S\u00e1bado 10, cancha Juventud<\/strong><br \/>\n14.30 hs. JUVENTUD SUIPACHA Vs. ATENEO<\/p>\n<p><strong>Lunes 12 de Octubre, cancha Pabell\u00f3n <\/strong><br \/>\n15.30 hs. PABELLON ARGENTINO Vs. ATENEO<\/p>\n<blockquote><p><strong>FUTBOL INFANTIL<\/strong><\/p><\/blockquote>\n<p><strong>Cancha de 9:<\/strong> Mercedes \u00abA\u00bb Vs. Comunicaciones, Uni\u00f3n Vs. Mercedes, Estudiantes Vs. Ateneo, El Front\u00f3n Vs. Juventud y V\u00e9lez Vs. Quilmes.<br \/>\n14.00 hs. Categor\u00eda 2001<br \/>\n15.00 hs. Categor\u00eda 2000<br \/>\n16.00 hs. Categor\u00eda 1999<br \/>\n17.00 hs. Categor\u00eda 1998<\/p>\n<p><strong>Cancha de 11:<\/strong> Mercedes \u00abA\u00bb Vs. Comunicaciones, Estudiantes Vs. Ateneo, El Front\u00f3n Vs. Juventud y V\u00e9lez Vs. Quilmes.<br \/>\n12.00 hs. Categor\u00eda 97<br \/>\n13.00 hs. Categor\u00eda 96<br \/>\n14.15 hs. Categor\u00eda 92\/93<br \/>\n15.30 hs. Categor\u00eda 95<br \/>\n16.30 hs. Categor\u00eda 94<\/p>\n<p><em><strong>* Partido Categor\u00eda 97 Uni\u00f3n Vs. Mercedes se juega a las 13 hs. en cancha de la Liga Mercedina<\/strong><\/em><\/p>\n<p><em><strong>POSTERGADOS<\/strong><\/em><br \/>\nEL LUNES SE JUEGAN LOS PARTIDOS ENTRE EL FRONT\u00d3N DE SAN ANDRES DE GILES Y QUILMES<\/p>\n","protected":false},"excerpt":{"rendered":"<p>RESERVA S\u00e1bado 10, cancha Juventud 14.30 hs. JUVENTUD SUIPACHA Vs. ATENEO Lunes 12 de Octubre, cancha Pabell\u00f3n 15.30 hs. PABELLON ARGENTINO Vs. ATENEO FUTBOL INFANTIL Cancha de 9: Mercedes \u00abA\u00bb Vs. Comunicaciones, Uni\u00f3n Vs. Mercedes, Estudiantes Vs. Ateneo, El Front\u00f3n Vs. Juventud y V\u00e9lez Vs. Quilmes. 14.00 hs. Categor\u00eda 2001 15.00 hs. Categor\u00eda 2000 16.00 hs. Categor\u00eda 1999 17.00 hs.<\/p>\n","protected":false},"author":1,"featured_media":0,"comment_status":"open","ping_status":"open","sticky":false,"template":"","format":"standard","meta":{"footnotes":""},"categories":[4],"tags":[],"class_list":["post-2403","post","type-post","status-publish","format-standard","hentry","category-informaciongeneral"],"_links":{"self":[{"href":"https:\/\/ligamercedina.com\/web\/wp-json\/wp\/v2\/posts\/2403","targetHints":{"allow":["GET"]}}],"collection":[{"href":"https:\/\/ligamercedina.com\/web\/wp-json\/wp\/v2\/posts"}],"about":[{"href":"https:\/\/ligamercedina.com\/web\/wp-json\/wp\/v2\/types\/post"}],"author":[{"embeddable":true,"href":"https:\/\/ligamercedina.com\/web\/wp-json\/wp\/v2\/users\/1"}],"replies":[{"embeddable":true,"href":"https:\/\/ligamercedina.com\/web\/wp-json\/wp\/v2\/comments?post=2403"}],"version-history":[{"count":8,"href":"https:\/\/ligamercedina.com\/web\/wp-json\/wp\/v2\/posts\/2403\/revisions"}],"predecessor-version":[{"id":2423,"href":"https:\/\/ligamercedina.com\/web\/wp-json\/wp\/v2\/posts\/2403\/revisions\/2423"}],"wp:attachment":[{"href":"https:\/\/ligamercedina.com\/web\/wp-json\/wp\/v2\/media?parent=2403"}],"wp:term":[{"taxonomy":"category","embeddable":true,"href":"https:\/\/ligamercedina.com\/web\/wp-json\/wp\/v2\/categories?post=2403"},{"taxonomy":"post_tag","embeddable":true,"href":"https:\/\/ligamercedina.com\/web\/wp-json\/wp\/v2\/tags?post=2403"}],"curies":[{"name":"wp","href":"https:\/\/api.w.org\/{rel}","templated":true}]}}