{"id":2371,"date":"2009-10-03T09:19:40","date_gmt":"2009-10-03T12:19:40","guid":{"rendered":"https:\/\/ligamercedina.com\/?p=2371"},"modified":"2009-10-03T09:19:40","modified_gmt":"2009-10-03T12:19:40","slug":"resultados-del-futbol-infantil-14","status":"publish","type":"post","link":"https:\/\/ligamercedina.com\/web\/resultados-del-futbol-infantil-14\/","title":{"rendered":"RESULTADOS DEL FUTBOL INFANTIL"},"content":{"rendered":"<p><strong>MERCEDES VS. EL FRONTON<\/strong><br \/>\nCategor\u00eda 2000: <strong>1<\/strong> (Nicol\u00e1s Lescano) &#8211; <strong>1<\/strong> (Mat\u00edas Di Batista)<br \/>\nCategor\u00eda 99: <strong>0 &#8211; 0<\/strong><br \/>\nCategor\u00eda 98: <strong>1<\/strong> (Juan Arias) &#8211; <strong>0<\/strong><br \/>\nCategor\u00eda 97: <strong>2<\/strong> (Manuel Bonnet y Agust\u00edn Frustoli) &#8211; <strong>0<\/strong><br \/>\nCategor\u00eda 96: <strong>2<\/strong> (Nicol\u00e1s Contardi y Nicol\u00e1s Montenegro) &#8211; <strong>0<\/strong><br \/>\nCategor\u00eda 95: <strong>2<\/strong> (Esteban Rodr\u00edguez 2) &#8211; <strong>0<\/strong><br \/>\nCategor\u00eda 93-92: <strong>3<\/strong> (Agust\u00edn Malano 2 e Iv\u00e1n Alvarado) &#8211; <strong>1<\/strong> (Juan Gasparro)<\/p>\n<p><strong>COMUNICACIONES VS. ESTUDIANTES<\/strong><br \/>\nCategor\u00eda 2000: <strong>3<\/strong> (Mat\u00edas Altamore y Franco Mezza 2) &#8211; <strong>1<\/strong> (Juan Virto)<br \/>\nCategor\u00eda 99: <strong>1<\/strong> (Enzo Celaye) &#8211; <strong>2<\/strong> (Jorge Ghigliotto y Ger\u00f3nimo Miratta)<br \/>\nCategor\u00eda 98: <strong>0 &#8211; 2<\/strong> (Agust\u00edn Barrera y Nicol\u00e1s Bartolomeo)<br \/>\nCategor\u00eda 97: <strong>0 &#8211; 0<\/strong><br \/>\nCategor\u00eda 96: <strong>1<\/strong> (Gabriel Maldonado) &#8211; <strong>1<\/strong> (Juan M\u00e9ndez)<br \/>\nCategor\u00eda 95: <strong>2<\/strong> (Francisco Ballesteros y Juan Romano) &#8211; <strong>6<\/strong> (Ezequiel Avelar, Lucas Blanco, Carlos Dubertti 3 y Marcos Vel\u00e1zquez)<br \/>\nCategor\u00eda 94: <strong>2<\/strong> (Leandro Vega 2) &#8211; <strong>3<\/strong> (Nicol\u00e1s Fr\u00edas y Leandro Vignau 2)<br \/>\nCategor\u00eda 93-92: <strong>0 &#8211; 2<\/strong> (Juan Uviz 2)<\/p>\n<p><strong>JUVENTUD VS. MERCEDES \u00abA\u00bb<\/strong><br \/>\nCategor\u00eda 2000: <strong>3<\/strong> (Tom\u00e1s Chirino, Eli\u00e1n Larregina y Franco Taborda) &#8211; <strong>1<\/strong> (Antonio Luther)<br \/>\nCategor\u00eda 99: <strong>0 &#8211; 0<\/strong><br \/>\nCategor\u00eda 98: <strong>3<\/strong> (Pablo Cuenca y Juli\u00e1n G\u00f3mez 2) &#8211; <strong>0<\/strong><br \/>\nCategor\u00eda 97: <strong>5<\/strong> (Juan Ayala, Luciano Castro 2, Sebasti\u00e1n S\u00e1nchez y Alejo P\u00e9rez Zunino) &#8211; <strong>1<\/strong> (Manuel Gim\u00e9nez)<br \/>\nCategor\u00eda 96: <strong>2<\/strong> (Joaqu\u00edn Larraignet y M\u00e1ximo Ottonelli) &#8211; <strong>4<\/strong> (Guido Delfino y Agust\u00edn Biggi 3)<br \/>\nCategor\u00eda 95: <strong>3<\/strong> (Lucas P\u00e9rez Zunino 3) &#8211; <strong>0<\/strong><br \/>\nCategor\u00eda 94: <strong>Mercedes \u00abA\u00bb no se present\u00f3<\/strong><br \/>\nCategor\u00eda 93-92: <strong>7<\/strong> (Carlos Ayes 2, Mauro Correa, Ezequiel Flynn, Rodrigo G\u00f3mez, Juan Potes y Rodrigo Cabrera) &#8211; <strong>1<\/strong> (Juan Scasso)<\/p>\n<p><strong>ATENEO VS. VELEZ<\/strong><br \/>\nCategor\u00eda 2000: <strong>0 &#8211; 2<\/strong> (Eduardo Carrizo y Alexis L\u00f3pez)<br \/>\nCategor\u00eda 99: <strong>1<\/strong> (Francisco Delvento) &#8211; <strong>1<\/strong> (Tom\u00e1s Pietragallo)<br \/>\nCategor\u00eda 98: <strong>0 &#8211; 0<\/strong><br \/>\nCategor\u00eda 97: 1 (Enzo Medina) &#8211; 2 (Maximiliano Baez y Jorge Cardozo)<br \/>\nCategor\u00eda 96: <strong>0 &#8211; 2<\/strong> (Mat\u00edas Sanabria y Nahuel Guerra)<br \/>\nCategor\u00eda 95: <strong>0 &#8211; 4<\/strong> (Maximiliano Castro, Luis Centeno 2 y Braian C\u00f3rdoba)<br \/>\nCategor\u00eda 94: <strong>1<\/strong> (Maximiliano Becerra) &#8211; <strong>2<\/strong> (Braian Escudero y Nelson Florida)<br \/>\nCategor\u00eda 93-92: <strong>0 &#8211; 5<\/strong> (Lucas Atampi 2, Daniel Jara 2 y Emiliano Ort\u00edz)<\/p>\n<p><strong>QUILMES VS. UNION<\/strong><br \/>\nCategor\u00eda 2000: <strong>8<\/strong> (Lautaro Grassi, Bruno Ibaldi, Gonzalo Klaljelvich, Mat\u00edas L\u00f3pez, Facundo P\u00e9rez 2, Gast\u00f3n Romero y El\u00edas Villalba) &#8211; <strong>0<\/strong><br \/>\nCategor\u00eda 99: <strong>2<\/strong> (Nahuel Herrera 2) &#8211; <strong>0<\/strong><br \/>\nCategor\u00eda 98: <strong>0 &#8211; 0<\/strong><br \/>\nCategor\u00eda 97: <strong>1<\/strong> (Sergio Ram\u00edrez e\/c) &#8211; <strong>1<\/strong> (Fabricio Chaparro)<\/p>\n","protected":false},"excerpt":{"rendered":"<p>MERCEDES VS. EL FRONTON Categor\u00eda 2000: 1 (Nicol\u00e1s Lescano) &#8211; 1 (Mat\u00edas Di Batista) Categor\u00eda 99: 0 &#8211; 0 Categor\u00eda 98: 1 (Juan Arias) &#8211; 0 Categor\u00eda 97: 2 (Manuel Bonnet y Agust\u00edn Frustoli) &#8211; 0 Categor\u00eda 96: 2 (Nicol\u00e1s Contardi y Nicol\u00e1s Montenegro) &#8211; 0 Categor\u00eda 95: 2 (Esteban Rodr\u00edguez 2) &#8211; 0 Categor\u00eda 93-92: 3 (Agust\u00edn Malano 2<\/p>\n","protected":false},"author":1,"featured_media":0,"comment_status":"open","ping_status":"open","sticky":false,"template":"","format":"standard","meta":{"footnotes":""},"categories":[4],"tags":[],"class_list":["post-2371","post","type-post","status-publish","format-standard","hentry","category-informaciongeneral"],"_links":{"self":[{"href":"https:\/\/ligamercedina.com\/web\/wp-json\/wp\/v2\/posts\/2371","targetHints":{"allow":["GET"]}}],"collection":[{"href":"https:\/\/ligamercedina.com\/web\/wp-json\/wp\/v2\/posts"}],"about":[{"href":"https:\/\/ligamercedina.com\/web\/wp-json\/wp\/v2\/types\/post"}],"author":[{"embeddable":true,"href":"https:\/\/ligamercedina.com\/web\/wp-json\/wp\/v2\/users\/1"}],"replies":[{"embeddable":true,"href":"https:\/\/ligamercedina.com\/web\/wp-json\/wp\/v2\/comments?post=2371"}],"version-history":[{"count":12,"href":"https:\/\/ligamercedina.com\/web\/wp-json\/wp\/v2\/posts\/2371\/revisions"}],"predecessor-version":[{"id":2373,"href":"https:\/\/ligamercedina.com\/web\/wp-json\/wp\/v2\/posts\/2371\/revisions\/2373"}],"wp:attachment":[{"href":"https:\/\/ligamercedina.com\/web\/wp-json\/wp\/v2\/media?parent=2371"}],"wp:term":[{"taxonomy":"category","embeddable":true,"href":"https:\/\/ligamercedina.com\/web\/wp-json\/wp\/v2\/categories?post=2371"},{"taxonomy":"post_tag","embeddable":true,"href":"https:\/\/ligamercedina.com\/web\/wp-json\/wp\/v2\/tags?post=2371"}],"curies":[{"name":"wp","href":"https:\/\/api.w.org\/{rel}","templated":true}]}}