{"id":23520,"date":"2018-10-26T12:44:55","date_gmt":"2018-10-26T15:44:55","guid":{"rendered":"https:\/\/ligamercedina.com\/web\/?p=23520"},"modified":"2018-10-26T12:44:55","modified_gmt":"2018-10-26T15:44:55","slug":"primera-division-holanda-defensores-a-puertas-cerradas","status":"publish","type":"post","link":"https:\/\/ligamercedina.com\/web\/primera-division-holanda-defensores-a-puertas-cerradas\/","title":{"rendered":"PRIMERA DIVISION: HOLANDA &#8211; DEFENSORES A PUERTAS CERRADAS"},"content":{"rendered":"<p><strong>Se informa que el partido programado para el pr\u00f3ximo domingo por el certamen de Primera Divisi\u00f3n entre los equipos de Holanda y Defensores se jugar\u00e1 a puertas cerradas.<br \/>\nLa decisi\u00f3n se fundamenta en la acci\u00f3n llevada adelante por algunos simpatizantes del Club Holanda. Se agrega que solo estar\u00e1n en condiciones de ingresar a la cancha, integrantes de comisiones directivas de ambas instituciones.<\/strong><\/p>\n","protected":false},"excerpt":{"rendered":"<p>Se informa que el partido programado para el pr\u00f3ximo domingo por el certamen de Primera Divisi\u00f3n entre los equipos de Holanda y Defensores se jugar\u00e1 a puertas cerradas. La decisi\u00f3n se fundamenta en la acci\u00f3n llevada adelante por algunos simpatizantes del Club Holanda. Se agrega que solo estar\u00e1n en condiciones de ingresar a la cancha, integrantes de comisiones directivas de<\/p>\n","protected":false},"author":2,"featured_media":0,"comment_status":"open","ping_status":"open","sticky":false,"template":"","format":"standard","meta":{"footnotes":""},"categories":[4],"tags":[],"class_list":["post-23520","post","type-post","status-publish","format-standard","hentry","category-informaciongeneral"],"_links":{"self":[{"href":"https:\/\/ligamercedina.com\/web\/wp-json\/wp\/v2\/posts\/23520","targetHints":{"allow":["GET"]}}],"collection":[{"href":"https:\/\/ligamercedina.com\/web\/wp-json\/wp\/v2\/posts"}],"about":[{"href":"https:\/\/ligamercedina.com\/web\/wp-json\/wp\/v2\/types\/post"}],"author":[{"embeddable":true,"href":"https:\/\/ligamercedina.com\/web\/wp-json\/wp\/v2\/users\/2"}],"replies":[{"embeddable":true,"href":"https:\/\/ligamercedina.com\/web\/wp-json\/wp\/v2\/comments?post=23520"}],"version-history":[{"count":1,"href":"https:\/\/ligamercedina.com\/web\/wp-json\/wp\/v2\/posts\/23520\/revisions"}],"predecessor-version":[{"id":23521,"href":"https:\/\/ligamercedina.com\/web\/wp-json\/wp\/v2\/posts\/23520\/revisions\/23521"}],"wp:attachment":[{"href":"https:\/\/ligamercedina.com\/web\/wp-json\/wp\/v2\/media?parent=23520"}],"wp:term":[{"taxonomy":"category","embeddable":true,"href":"https:\/\/ligamercedina.com\/web\/wp-json\/wp\/v2\/categories?post=23520"},{"taxonomy":"post_tag","embeddable":true,"href":"https:\/\/ligamercedina.com\/web\/wp-json\/wp\/v2\/tags?post=23520"}],"curies":[{"name":"wp","href":"https:\/\/api.w.org\/{rel}","templated":true}]}}