{"id":23507,"date":"2018-10-23T12:44:36","date_gmt":"2018-10-23T15:44:36","guid":{"rendered":"https:\/\/ligamercedina.com\/web\/?p=23507"},"modified":"2018-10-24T18:44:13","modified_gmt":"2018-10-24T21:44:13","slug":"horarios-finales-para-el-fin-de-semana-2","status":"publish","type":"post","link":"https:\/\/ligamercedina.com\/web\/horarios-finales-para-el-fin-de-semana-2\/","title":{"rendered":"HORARIOS FINALES PARA EL FIN DE SEMANA"},"content":{"rendered":"<blockquote><p><strong>PRIMERA DIVISION<\/strong><\/p><\/blockquote>\n<p><em><strong>S\u00e1bado 27 de octubre, cancha Liga Mercedina<\/strong><\/em><br \/>\n13:30 hs. Uni\u00f3n Vs. Ateneo<br \/>\n15:30 hs. Mercedes Vs. Quilmes<\/p>\n<p><em><strong>S\u00e1bado 27 de octubre, cancha El Front\u00f3n<\/strong><\/em><br \/>\n16:30 hs. El Front\u00f3n Vs. Pabell\u00f3n Argentino<\/p>\n<p><em><strong>Domingo 28 de octubre, cancha Liga Mercedina<\/strong><\/em><br \/>\n13:30 hs. Comunicaciones Vs. Palometas FC<br \/>\n15:30 hs. Trocha Vs. Costa Brava<br \/>\n17:30 hs. Holanda Vs. Defensores<\/p>\n<p><em><strong>Domingo 28 de octubre, cancha Juventud<\/strong><\/em><br \/>\n17:00 hs. Juventud Vs. Pe\u00f1a Xeneize<\/p>\n<p><em><strong>Domingo 28 de octubre, cancha Atl\u00e9tico Marcos Paz<\/strong><\/em><br \/>\n16:00 hs. Atl\u00e9tico Marcos Paz Vs. El Tim\u00f3n<\/p>\n<blockquote><p><strong>RESERVA<\/strong><\/p><\/blockquote>\n<p><em><strong>S\u00e1bado 27 de octubre, cancha Liga Mercedina<\/strong><\/em><br \/>\n17:30 hs. Mercedes Vs. Quilmes<\/p>\n<p><em><strong>S\u00e1bado 27 de octubre, cancha V\u00e9lez Sarsfield<\/strong><\/em><br \/>\n14:00 hs. Holanda Vs. Defensores<br \/>\n15:45 hs.  Trocha Vs. Costa Brava<\/p>\n<p><em><strong>S\u00e1bado 27 de octubre, cancha Comunicaciones <\/strong><\/em><br \/>\n14:30 hs. Comunicaciones Vs. Palometas<br \/>\n16:30 hs. Uni\u00f3n Vs. Ateneo<\/p>\n<p><em><strong>S\u00e1bado 27 de octubre, cancha El Front\u00f3n<\/strong><\/em><br \/>\n14:30 hs. El Front\u00f3n Vs. Pabell\u00f3n Argentino<\/p>\n<p><em><strong>Domingo 28 de octubre, cancha Juventud<\/strong><\/em><br \/>\n15:00 hs. Juventud Vs. Pe\u00f1a Xeneize<\/p>\n<p><em><strong>Domingo 28 de octubre, cancha Atl\u00e9tico Marcos Paz<\/strong><\/em><br \/>\n14:00 hs. Atl\u00e9tico Marcos Paz Vs. El Tim\u00f3n<\/p>\n<blockquote><p><strong>INFANTIL<\/strong><\/p><\/blockquote>\n<p>Palometas Vs. Mercedes \u201cA\u201d, Mercedes Vs. Los Vascos, Uni\u00f3n Vs. V\u00e9lez, Holanda Vs. Comunicaciones (en Defensores)<br \/>\n13:30 hs. Categor\u00eda Promocional<br \/>\n14:30 hs. Categor\u00eda 2009<br \/>\n15:30 hs. Categor\u00eda 2008<br \/>\n16:30 hs. Categor\u00eda 2007<\/p>\n<p>Juventud Vs. Ateneo<br \/>\n12:00 hs. Categor\u00eda 2009<br \/>\n13:00 hs. Categor\u00eda 2008<br \/>\n14:00 hs. Categor\u00eda Promocional<br \/>\n15:00 hs. Categor\u00eda 2007<\/p>\n<blockquote><p><strong>JUVENIL<\/strong><\/p><\/blockquote>\n<p>Palometas Vs. Mercedes \u201cA\u201d, Juventud Vs. Ateneo.<br \/>\n11:00 hs. Categor\u00eda 2004<br \/>\n12:15 hs. Categor\u00eda 2005<br \/>\n13:30 hs. Categor\u00eda 2006<br \/>\n14:45 hs. Categor\u00eda 2003<br \/>\n16:00 hs. Categor\u00eda 5\u00aa Divisi\u00f3n<\/p>\n<p>Uni\u00f3n Vs. V\u00e9lez<br \/>\n11:00 hs. Categor\u00eda 2004<br \/>\n12:15 hs. Categor\u00eda 2006<br \/>\n13:30 hs. Categor\u00eda 2003<br \/>\n14:45 hs. Categor\u00eda 5\u00aa Divisi\u00f3n<\/p>\n<p>Mercedes Vs. Los Vascos<br \/>\n11:00 hs. Categor\u00eda 2004<br \/>\n12:00 hs. Categor\u00eda 2005<br \/>\n13:15 hs. Categor\u00eda 2006<br \/>\n14:30 hs. Categor\u00eda 2003<\/p>\n<p>Atl\u00e9tico Marcos Paz Vs. Comunicaciones<br \/>\n12:00 hs. Categor\u00eda 2004<br \/>\n13:15 hs. Categor\u00eda 2005<br \/>\n14:30 hs. Categor\u00eda 2006<br \/>\n15:45 hs. Categor\u00eda 5\u00aa Divisi\u00f3n<\/p>\n<p>Pabell\u00f3n Argentino Vs. Defensores<br \/>\n12:00 hs. Categor\u00eda 2005<br \/>\n13:15 hs. Categor\u00eda 2006<br \/>\n14:30 hs. Categor\u00eda 2003<br \/>\n15:45 hs. Categor\u00eda 5\u00aa Divisi\u00f3n<\/p>\n","protected":false},"excerpt":{"rendered":"<p>PRIMERA DIVISION S\u00e1bado 27 de octubre, cancha Liga Mercedina 13:30 hs. Uni\u00f3n Vs. Ateneo 15:30 hs. Mercedes Vs. Quilmes S\u00e1bado 27 de octubre, cancha El Front\u00f3n 16:30 hs. El Front\u00f3n Vs. Pabell\u00f3n Argentino Domingo 28 de octubre, cancha Liga Mercedina 13:30 hs. Comunicaciones Vs. Palometas FC 15:30 hs. Trocha Vs. Costa Brava 17:30 hs. Holanda Vs. Defensores Domingo 28 de<\/p>\n","protected":false},"author":2,"featured_media":0,"comment_status":"open","ping_status":"open","sticky":false,"template":"","format":"standard","meta":{"footnotes":""},"categories":[4],"tags":[],"class_list":["post-23507","post","type-post","status-publish","format-standard","hentry","category-informaciongeneral"],"_links":{"self":[{"href":"https:\/\/ligamercedina.com\/web\/wp-json\/wp\/v2\/posts\/23507","targetHints":{"allow":["GET"]}}],"collection":[{"href":"https:\/\/ligamercedina.com\/web\/wp-json\/wp\/v2\/posts"}],"about":[{"href":"https:\/\/ligamercedina.com\/web\/wp-json\/wp\/v2\/types\/post"}],"author":[{"embeddable":true,"href":"https:\/\/ligamercedina.com\/web\/wp-json\/wp\/v2\/users\/2"}],"replies":[{"embeddable":true,"href":"https:\/\/ligamercedina.com\/web\/wp-json\/wp\/v2\/comments?post=23507"}],"version-history":[{"count":4,"href":"https:\/\/ligamercedina.com\/web\/wp-json\/wp\/v2\/posts\/23507\/revisions"}],"predecessor-version":[{"id":23511,"href":"https:\/\/ligamercedina.com\/web\/wp-json\/wp\/v2\/posts\/23507\/revisions\/23511"}],"wp:attachment":[{"href":"https:\/\/ligamercedina.com\/web\/wp-json\/wp\/v2\/media?parent=23507"}],"wp:term":[{"taxonomy":"category","embeddable":true,"href":"https:\/\/ligamercedina.com\/web\/wp-json\/wp\/v2\/categories?post=23507"},{"taxonomy":"post_tag","embeddable":true,"href":"https:\/\/ligamercedina.com\/web\/wp-json\/wp\/v2\/tags?post=23507"}],"curies":[{"name":"wp","href":"https:\/\/api.w.org\/{rel}","templated":true}]}}