{"id":23382,"date":"2018-10-13T22:25:30","date_gmt":"2018-10-14T01:25:30","guid":{"rendered":"https:\/\/ligamercedina.com\/web\/?p=23382"},"modified":"2018-10-13T22:26:36","modified_gmt":"2018-10-14T01:26:36","slug":"domingo-historico-para-el-futbol-de-la-liga-el-futbol-de-primera-debuta-en-cancha-de-velez","status":"publish","type":"post","link":"https:\/\/ligamercedina.com\/web\/domingo-historico-para-el-futbol-de-la-liga-el-futbol-de-primera-debuta-en-cancha-de-velez\/","title":{"rendered":"DOMINGO HISTORICO PARA LA LIGA MERCEDINA: EL FUTBOL DE PRIMERA DEBUTA EN CANCHA DE VELEZ"},"content":{"rendered":"<p><strong>El domingo 14 de octubre quedar\u00e1 en el recuerdo del f\u00fatbol de la Liga Mercedina. Por primera vez en la historia la cancha de una instituci\u00f3n afiliada a la Liga de la ciudad de Mercedes podr\u00e1 actuar en su propia cancha. Luego de trabajos realizados, la instituci\u00f3n de avenida 1 logr\u00f3 la habilitaci\u00f3n de la APREVIDE, la habilitaci\u00f3n Municipal y por ende la posibilidad de ser una alternativa para jugar.<br \/>\nDesde las 14 horas se enfrentar\u00e1n los equipos de V\u00e9lez Sarsfield y Trocha, mientras que a las 16 lo har\u00e1n Col\u00f3n y El Front\u00f3n.<\/p>\n<p>Previo al inicio de la jornada habr\u00e1 un acto protocolar ya que se impondr\u00e1 el nombre de Juan Carlos Biaggini al campo de juego. Estar\u00e1n presentes familiares del recordado \u00abCanario\u00bb recientemente fallecido, a la vez que han sido invitadas y prometieron su presencia autoridades municipales y de la APREVIDE.<\/p>\n<p>Se estima que alrededor de las 13:30 se concrete el acto protocolar, mientras que desde la Liga se informa que la venta de entradas ser\u00e1 por avenida 1. Con ticket en mano, los simpatizantes de Trocha deber\u00e1n ingresar por el acceso ubicado sobre calle 8.<\/strong><br \/>\n<a href=\"https:\/\/ligamercedina.com\/web\/wp-content\/uploads\/2018\/10\/velez.jpeg\"><img loading=\"lazy\" decoding=\"async\" src=\"https:\/\/ligamercedina.com\/web\/wp-content\/uploads\/2018\/10\/velez-1024x668.jpeg\" alt=\"\" width=\"860\" height=\"561\" class=\"aligncenter size-large wp-image-23383\" srcset=\"https:\/\/ligamercedina.com\/web\/wp-content\/uploads\/2018\/10\/velez-1024x668.jpeg 1024w, https:\/\/ligamercedina.com\/web\/wp-content\/uploads\/2018\/10\/velez-300x196.jpeg 300w, https:\/\/ligamercedina.com\/web\/wp-content\/uploads\/2018\/10\/velez-768x501.jpeg 768w, https:\/\/ligamercedina.com\/web\/wp-content\/uploads\/2018\/10\/velez.jpeg 1280w\" sizes=\"auto, (max-width: 860px) 100vw, 860px\" \/><\/a><\/p>\n","protected":false},"excerpt":{"rendered":"<p>El domingo 14 de octubre quedar\u00e1 en el recuerdo del f\u00fatbol de la Liga Mercedina. Por primera vez en la historia la cancha de una instituci\u00f3n afiliada a la Liga de la ciudad de Mercedes podr\u00e1 actuar en su propia cancha. Luego de trabajos realizados, la instituci\u00f3n de avenida 1 logr\u00f3 la habilitaci\u00f3n de la APREVIDE, la habilitaci\u00f3n Municipal y<\/p>\n","protected":false},"author":2,"featured_media":0,"comment_status":"open","ping_status":"open","sticky":false,"template":"","format":"standard","meta":{"footnotes":""},"categories":[4],"tags":[],"class_list":["post-23382","post","type-post","status-publish","format-standard","hentry","category-informaciongeneral"],"_links":{"self":[{"href":"https:\/\/ligamercedina.com\/web\/wp-json\/wp\/v2\/posts\/23382","targetHints":{"allow":["GET"]}}],"collection":[{"href":"https:\/\/ligamercedina.com\/web\/wp-json\/wp\/v2\/posts"}],"about":[{"href":"https:\/\/ligamercedina.com\/web\/wp-json\/wp\/v2\/types\/post"}],"author":[{"embeddable":true,"href":"https:\/\/ligamercedina.com\/web\/wp-json\/wp\/v2\/users\/2"}],"replies":[{"embeddable":true,"href":"https:\/\/ligamercedina.com\/web\/wp-json\/wp\/v2\/comments?post=23382"}],"version-history":[{"count":2,"href":"https:\/\/ligamercedina.com\/web\/wp-json\/wp\/v2\/posts\/23382\/revisions"}],"predecessor-version":[{"id":23385,"href":"https:\/\/ligamercedina.com\/web\/wp-json\/wp\/v2\/posts\/23382\/revisions\/23385"}],"wp:attachment":[{"href":"https:\/\/ligamercedina.com\/web\/wp-json\/wp\/v2\/media?parent=23382"}],"wp:term":[{"taxonomy":"category","embeddable":true,"href":"https:\/\/ligamercedina.com\/web\/wp-json\/wp\/v2\/categories?post=23382"},{"taxonomy":"post_tag","embeddable":true,"href":"https:\/\/ligamercedina.com\/web\/wp-json\/wp\/v2\/tags?post=23382"}],"curies":[{"name":"wp","href":"https:\/\/api.w.org\/{rel}","templated":true}]}}