{"id":23273,"date":"2018-09-28T18:52:45","date_gmt":"2018-09-28T21:52:45","guid":{"rendered":"https:\/\/ligamercedina.com\/web\/?p=23273"},"modified":"2018-09-28T18:52:45","modified_gmt":"2018-09-28T21:52:45","slug":"futbol-infanto-juvenil-por-ahora-se-juega","status":"publish","type":"post","link":"https:\/\/ligamercedina.com\/web\/futbol-infanto-juvenil-por-ahora-se-juega\/","title":{"rendered":"FUTBOL INFANTO &#8211; JUVENIL: POR AHORA SE JUEGA"},"content":{"rendered":"<p><strong>Siendo 18:45 se informa que  los partidos programados para ma\u00f1ana s\u00e1bado est\u00e1n confirmados.<\/strong><\/p>\n","protected":false},"excerpt":{"rendered":"<p>Siendo 18:45 se informa que los partidos programados para ma\u00f1ana s\u00e1bado est\u00e1n confirmados.<\/p>\n","protected":false},"author":2,"featured_media":0,"comment_status":"open","ping_status":"open","sticky":false,"template":"","format":"standard","meta":{"footnotes":""},"categories":[4],"tags":[],"class_list":["post-23273","post","type-post","status-publish","format-standard","hentry","category-informaciongeneral"],"_links":{"self":[{"href":"https:\/\/ligamercedina.com\/web\/wp-json\/wp\/v2\/posts\/23273","targetHints":{"allow":["GET"]}}],"collection":[{"href":"https:\/\/ligamercedina.com\/web\/wp-json\/wp\/v2\/posts"}],"about":[{"href":"https:\/\/ligamercedina.com\/web\/wp-json\/wp\/v2\/types\/post"}],"author":[{"embeddable":true,"href":"https:\/\/ligamercedina.com\/web\/wp-json\/wp\/v2\/users\/2"}],"replies":[{"embeddable":true,"href":"https:\/\/ligamercedina.com\/web\/wp-json\/wp\/v2\/comments?post=23273"}],"version-history":[{"count":1,"href":"https:\/\/ligamercedina.com\/web\/wp-json\/wp\/v2\/posts\/23273\/revisions"}],"predecessor-version":[{"id":23274,"href":"https:\/\/ligamercedina.com\/web\/wp-json\/wp\/v2\/posts\/23273\/revisions\/23274"}],"wp:attachment":[{"href":"https:\/\/ligamercedina.com\/web\/wp-json\/wp\/v2\/media?parent=23273"}],"wp:term":[{"taxonomy":"category","embeddable":true,"href":"https:\/\/ligamercedina.com\/web\/wp-json\/wp\/v2\/categories?post=23273"},{"taxonomy":"post_tag","embeddable":true,"href":"https:\/\/ligamercedina.com\/web\/wp-json\/wp\/v2\/tags?post=23273"}],"curies":[{"name":"wp","href":"https:\/\/api.w.org\/{rel}","templated":true}]}}