{"id":23244,"date":"2018-09-22T13:02:34","date_gmt":"2018-09-22T16:02:34","guid":{"rendered":"https:\/\/ligamercedina.com\/web\/?p=23244"},"modified":"2018-09-22T13:02:34","modified_gmt":"2018-09-22T16:02:34","slug":"futbol-femenino-fecha-de-primera-suspendida","status":"publish","type":"post","link":"https:\/\/ligamercedina.com\/web\/futbol-femenino-fecha-de-primera-suspendida\/","title":{"rendered":"FUTBOL FEMENINO: FECHA DE PRIMERA SUSPENDIDA"},"content":{"rendered":"<p><strong>Debido al clima adverso y el anuncio por parte del servicio meteorol\u00f3gico sobre continuidad de lluvias y lloviznas durante tarde &#8211; noche se decide la suspensi\u00f3n de la jornada prevista para esta jornada por el Torneo de Primera de F\u00fatbol Femenino<\/strong><\/p>\n","protected":false},"excerpt":{"rendered":"<p>Debido al clima adverso y el anuncio por parte del servicio meteorol\u00f3gico sobre continuidad de lluvias y lloviznas durante tarde &#8211; noche se decide la suspensi\u00f3n de la jornada prevista para esta jornada por el Torneo de Primera de F\u00fatbol Femenino<\/p>\n","protected":false},"author":2,"featured_media":0,"comment_status":"open","ping_status":"open","sticky":false,"template":"","format":"standard","meta":{"footnotes":""},"categories":[4],"tags":[],"class_list":["post-23244","post","type-post","status-publish","format-standard","hentry","category-informaciongeneral"],"_links":{"self":[{"href":"https:\/\/ligamercedina.com\/web\/wp-json\/wp\/v2\/posts\/23244","targetHints":{"allow":["GET"]}}],"collection":[{"href":"https:\/\/ligamercedina.com\/web\/wp-json\/wp\/v2\/posts"}],"about":[{"href":"https:\/\/ligamercedina.com\/web\/wp-json\/wp\/v2\/types\/post"}],"author":[{"embeddable":true,"href":"https:\/\/ligamercedina.com\/web\/wp-json\/wp\/v2\/users\/2"}],"replies":[{"embeddable":true,"href":"https:\/\/ligamercedina.com\/web\/wp-json\/wp\/v2\/comments?post=23244"}],"version-history":[{"count":1,"href":"https:\/\/ligamercedina.com\/web\/wp-json\/wp\/v2\/posts\/23244\/revisions"}],"predecessor-version":[{"id":23245,"href":"https:\/\/ligamercedina.com\/web\/wp-json\/wp\/v2\/posts\/23244\/revisions\/23245"}],"wp:attachment":[{"href":"https:\/\/ligamercedina.com\/web\/wp-json\/wp\/v2\/media?parent=23244"}],"wp:term":[{"taxonomy":"category","embeddable":true,"href":"https:\/\/ligamercedina.com\/web\/wp-json\/wp\/v2\/categories?post=23244"},{"taxonomy":"post_tag","embeddable":true,"href":"https:\/\/ligamercedina.com\/web\/wp-json\/wp\/v2\/tags?post=23244"}],"curies":[{"name":"wp","href":"https:\/\/api.w.org\/{rel}","templated":true}]}}