{"id":23235,"date":"2018-09-21T20:40:27","date_gmt":"2018-09-21T23:40:27","guid":{"rendered":"https:\/\/ligamercedina.com\/web\/?p=23235"},"modified":"2018-09-21T20:40:27","modified_gmt":"2018-09-21T23:40:27","slug":"repasando-horarios-para-el-fin-de-semana-en-todas-las-divisiones","status":"publish","type":"post","link":"https:\/\/ligamercedina.com\/web\/repasando-horarios-para-el-fin-de-semana-en-todas-las-divisiones\/","title":{"rendered":"REPASANDO HORARIOS PARA EL FIN DE SEMANA EN TODAS LAS DIVISIONES"},"content":{"rendered":"<blockquote><p><strong>PRIMERA DIVISION \u2013FECHA 1 CLAUSURA-<\/strong><\/p><\/blockquote>\n<p><em><strong>S\u00e1bado 22 de septiembre, cancha Liga Mercedina<\/strong><\/em><br \/>\n13:00 hs. Comunicaciones Vs. Pabell\u00f3n Argentino<br \/>\n15:00 hs. Col\u00f3n Vs. Palometas<br \/>\n17:00 hs. Holanda Vs. Costa Brava<br \/>\n19:00 hs. V\u00e9lez Sarsfield Vs. Defensores<\/p>\n<p><em><strong>Domingo 23 de septiembre, cancha Liga Mercedina<\/strong><\/em><br \/>\n11:00 hs. AMEFIP Vs. Pe\u00f1a Xeneize<br \/>\n13:00 hs. Estudiantes Vs. El Tim\u00f3n<\/p>\n<p><em><strong>S\u00e1bado 22 de septiembre, cancha Atl\u00e9tico Marcos Paz<\/strong><\/em><br \/>\n16:00 hs. Atl\u00e9tico Marcos Paz Vs. Quilmes<\/p>\n<p><em><strong>Domingo 23 de septiembre, cancha Juventud<\/strong><\/em><br \/>\n15:00 hs. Juventud Vs. Ateneo<\/p>\n<blockquote><p><strong>RESERVA<\/strong><\/p><\/blockquote>\n<p><em><strong>S\u00e1bado 22 de septiembre, cancha Comunicaciones<\/strong><\/em><br \/>\n12:45 hs. Col\u00f3n Vs. Palometas<br \/>\n14:30 hs. V\u00e9lez Vs. Defensores<br \/>\n16:15 hs. Comunicaciones Vs. Pabell\u00f3n Argentino<\/p>\n<p><em><strong>S\u00e1bado 22 de septiembre, cancha Ateneo<\/strong><\/em><br \/>\n14:30 hs. Holanda Vs. Costa Brava<br \/>\n16:15 hs. Estudiantes Vs. El Tim\u00f3n<\/p>\n<p><em><strong>S\u00e1bado 22 de septiembre, cancha Atl\u00e9tico Marcos Paz<\/strong><\/em><br \/>\n14:00 hs. Atl\u00e9tico Marcos Paz Vs. Quilmes<\/p>\n<p><em><strong>Domingo 23 de septiembre, cancha Juventud<\/strong><\/em><br \/>\n13:00 hs. Juventud Vs. Ateneo<\/p>\n<blockquote><p><strong>INFANTIL<\/strong><\/p><\/blockquote>\n<p>Quilmes Vs. Holanda, El Front\u00f3n Vs. Los Vascos<br \/>\n13:00 hs. Categor\u00eda Promocional<br \/>\n14:00 hs. Categor\u00eda 2009<br \/>\n15:00 hs. Categor\u00eda 2008<br \/>\n16:00 hs. Categor\u00eda 2007<\/p>\n<blockquote><p><strong>JUVENIL<\/strong><\/p><\/blockquote>\n<p>El Front\u00f3n Vs. Los Vascos<br \/>\n11:00 hs. Categor\u00eda 2004<br \/>\n12:15 hs. Categor\u00eda 2005<br \/>\n13:30 hs. Categor\u00eda 2006<br \/>\n14:45 hs. Categor\u00eda 2003<\/p>\n<blockquote><p><strong>FUTBOL FEMENINO<\/strong><\/p><\/blockquote>\n<blockquote><p><strong>PRIMERA DIVISION<\/strong><\/p><\/blockquote>\n<p><strong>D\u00eda:<\/strong>S\u00e1bado 22 de septiembre<br \/>\n<strong>Cancha:<\/strong> Mercedes<br \/>\n<strong>Direcci\u00f3n: <\/strong>H\u00e9roes de Malvinas y 60<\/p>\n<p>17 hs Alfa Vs. Estudiantes<br \/>\n18 hs Uni\u00f3n Vs. Envion<br \/>\n19 hs El Front\u00f3n Vs. Comunicaciones<br \/>\n20 hs Mercedes Vs. Amefip<br \/>\n<strong>Libre:<\/strong> V\u00e9lez<\/p>\n<blockquote><p><strong>INFERIORES<\/strong><\/p><\/blockquote>\n<p><strong>D\u00eda:<\/strong> Domingo 23 de septiembre<br \/>\n<strong>Cancha:<\/strong> Alfa de Olivera<br \/>\n<strong>Direcci\u00f3n:<\/strong> Monse\u00f1or D&#8217;Amicis y Juan XXIII  -Olivera- (ruta nac 5, bajada km81)<\/p>\n<p>11:00 hs. -SUB 12- Comunicaciones Vs. Alfa<br \/>\n12:00 hs. -SUB 12- V\u00e9lez Vs. Estudienates<br \/>\n13:00 hs. -SUB 16- V\u00e9lez Vs. Alfa<br \/>\n14:00 hs. -SUB 16- Estudiantes Vs. Defensores<br \/>\n15:00 hs. -SUB 16- Comunicaciones Vs. Independiente<\/p>\n","protected":false},"excerpt":{"rendered":"<p>PRIMERA DIVISION \u2013FECHA 1 CLAUSURA- S\u00e1bado 22 de septiembre, cancha Liga Mercedina 13:00 hs. Comunicaciones Vs. Pabell\u00f3n Argentino 15:00 hs. Col\u00f3n Vs. Palometas 17:00 hs. Holanda Vs. Costa Brava 19:00 hs. V\u00e9lez Sarsfield Vs. Defensores Domingo 23 de septiembre, cancha Liga Mercedina 11:00 hs. AMEFIP Vs. Pe\u00f1a Xeneize 13:00 hs. Estudiantes Vs. El Tim\u00f3n S\u00e1bado 22 de septiembre, cancha Atl\u00e9tico<\/p>\n","protected":false},"author":2,"featured_media":0,"comment_status":"open","ping_status":"open","sticky":false,"template":"","format":"standard","meta":{"footnotes":""},"categories":[4],"tags":[],"class_list":["post-23235","post","type-post","status-publish","format-standard","hentry","category-informaciongeneral"],"_links":{"self":[{"href":"https:\/\/ligamercedina.com\/web\/wp-json\/wp\/v2\/posts\/23235","targetHints":{"allow":["GET"]}}],"collection":[{"href":"https:\/\/ligamercedina.com\/web\/wp-json\/wp\/v2\/posts"}],"about":[{"href":"https:\/\/ligamercedina.com\/web\/wp-json\/wp\/v2\/types\/post"}],"author":[{"embeddable":true,"href":"https:\/\/ligamercedina.com\/web\/wp-json\/wp\/v2\/users\/2"}],"replies":[{"embeddable":true,"href":"https:\/\/ligamercedina.com\/web\/wp-json\/wp\/v2\/comments?post=23235"}],"version-history":[{"count":1,"href":"https:\/\/ligamercedina.com\/web\/wp-json\/wp\/v2\/posts\/23235\/revisions"}],"predecessor-version":[{"id":23236,"href":"https:\/\/ligamercedina.com\/web\/wp-json\/wp\/v2\/posts\/23235\/revisions\/23236"}],"wp:attachment":[{"href":"https:\/\/ligamercedina.com\/web\/wp-json\/wp\/v2\/media?parent=23235"}],"wp:term":[{"taxonomy":"category","embeddable":true,"href":"https:\/\/ligamercedina.com\/web\/wp-json\/wp\/v2\/categories?post=23235"},{"taxonomy":"post_tag","embeddable":true,"href":"https:\/\/ligamercedina.com\/web\/wp-json\/wp\/v2\/tags?post=23235"}],"curies":[{"name":"wp","href":"https:\/\/api.w.org\/{rel}","templated":true}]}}