{"id":23230,"date":"2018-09-21T20:10:03","date_gmt":"2018-09-21T23:10:03","guid":{"rendered":"https:\/\/ligamercedina.com\/web\/?p=23230"},"modified":"2018-09-21T20:58:29","modified_gmt":"2018-09-21T23:58:29","slug":"primera-reserva-habilitaciones-de-jugadores","status":"publish","type":"post","link":"https:\/\/ligamercedina.com\/web\/primera-reserva-habilitaciones-de-jugadores\/","title":{"rendered":"PRIMERA-RESERVA: HABILITACIONES DE JUGADORES"},"content":{"rendered":"<p>A continuaci\u00f3n se brinda el listado de jugadores habilitados e inhabilitados para el comienzo del Clausura de los torneos mayores.<\/p>\n<blockquote><p><strong>HABILITADOS<\/strong><\/p><\/blockquote>\n<p>CARPANETTO MARCELO (Palometas)<br \/>\nDELVENTO FRANCISCO (Palometas)<br \/>\nSANCHEZ\tGERONIMO (Palometas)<br \/>\nSUBIGARAY TOMAS\t(Palometas)\t\t\t\t<\/p>\n<p>BAEZ MATIA NICOLAS (Costa Brava)<br \/>\nEBERLE EMILIO MANUEL(Costa Brava)<br \/>\nGOMEZ MATIAS ADRIAN (Costa Brava)<br \/>\nMEARDI LAUTARO\t(Costa Brava)<br \/>\nPAZ LUCAS MATIAS (Costa Brava)<br \/>\nPELOZO VICTOR ALEJANDRO\t(Costa Brava)<br \/>\nRODRIGUEZ JORGE ESTEBAN\t(Costa Brava)<br \/>\nSAGASTUNE ESTEBAN MARTIN(Costa Brava)<br \/>\nVELASQUEZ GIANCARLO (Costa Brava)<br \/>\nZALBA, RUBEN (Costa Brava)<\/p>\n<p>POLO BENJAMIN (Defensores)<br \/>\nALCARAZ\tMAXIMILIANO EZEQUIEL (Defensores)<br \/>\nGONZALEZ FEDERICO ADEMAR(Defensores)<br \/>\nFREITES\tBRIAN GABRIEL(Defensores)<br \/>\nGARAY GASTON TOMAS (Defensores)<br \/>\nRODA EZEQUIEL RICARDO (Defensores)<br \/>\nGOROSITO FRANCISCO (Defensores)<\/p>\n<p>CORDOBA\tLUCIANO RICARDO\t(Atl. Marcos Paz)<br \/>\nZABALA GONZALO (Atl. Marcos Paz)<br \/>\nPEREZ JORGE (At. Marcos Paz)<\/p>\n<p>POLESCHI FRANCO (Estudiantes)<\/p>\n<p>GILES MATIAS NICOLAS (Comunicaciones)<br \/>\nGIACHELO EZEQUIEL (Comunicaciones)<br \/>\nRETAMOZO GUSTAVO (Comunicaciones)<br \/>\nMORALES EDGARDO (Comunicaciones)<\/p>\n<p>MORENO MU\u00d1OZ KEVIN NAHUEL (Trocha)<br \/>\nPEDROZO\tMARCELO GASTON (Trocha)<\/p>\n<p>GOMEZ JULIAN (Ateneo)<br \/>\nPEREZ FACUNDO (Ateneo)<\/p>\n<p>BORJAS DIEGO SAMUEL (Quilmes)<\/p>\n<p>CUELLO AGUSTIN HERNAN (V\u00e9lez)<br \/>\nINFRAN, MAXIMILIANO (V\u00e9lez)<br \/>\nAGUIRRE\tAGUSTIN EZEQUIEL (V\u00e9lez)<\/p>\n<p>FURRIOL\tSANTIAGO DANIEL (Uni\u00f3n)<br \/>\nLIZARDO\tLUIS ALEJANDRO\t(Uni\u00f3n)<br \/>\nMORENO\tEMILIANO JAVIER\t(Uni\u00f3n)<br \/>\nCABA\u00d1EZ\tKEVIN FRANCO\t(Uni\u00f3n)<br \/>\nGAUNA JONATHAN FERNANDO\t(Uni\u00f3n)<br \/>\nGIMENEZ LEONEL ELISANDRO(Uni\u00f3n)<br \/>\nGUERRA NAHUEL STEFANO\t(Uni\u00f3n)<\/p>\n<p>CRUZ, JULIAN (Pabell\u00f3n Argentino)<br \/>\nFERNANDEZ ESTEBAN (Pabell\u00f3n Argentino=<\/p>\n<p>ARANDA AGUSTIN EDUARDO (Holanda)<br \/>\nBUSTOS SANTIAGO MARIANO\t(Holanda)<br \/>\nVILLALBA OSCAR LEONEL (Holanda)<\/p>\n<blockquote><p><strong>INHABILITADOS<\/strong><\/p><\/blockquote>\n<p>AUBAIN\tALEJANDRO JOSE (Trocha)<br \/>\nCAPUTO\tDANIEL ALEJANDRO (Trocha)<br \/>\nPEREYRA\tJORGE JAVIER ORLANDO (Trocha)<\/p>\n<p>MERILES EDGARDO MATIAS (Holanda)<br \/>\nORTIZ FACUNDO ALBERTO\t(Holanda)<br \/>\nSOULAS MAURO RODRIGO\t(Holanda)<\/p>\n<p>LONGO GABRIEL ANGEL<\/p>\n<p><em><strong>* Algunas habilitaciones podr\u00edan llegar x fax o mail durante esta noche o s\u00e1bado por la ma\u00f1ana.<\/strong><\/em><\/p>\n","protected":false},"excerpt":{"rendered":"<p>A continuaci\u00f3n se brinda el listado de jugadores habilitados e inhabilitados para el comienzo del Clausura de los torneos mayores. HABILITADOS CARPANETTO MARCELO (Palometas) DELVENTO FRANCISCO (Palometas) SANCHEZ GERONIMO (Palometas) SUBIGARAY TOMAS (Palometas) BAEZ MATIA NICOLAS (Costa Brava) EBERLE EMILIO MANUEL(Costa Brava) GOMEZ MATIAS ADRIAN (Costa Brava) MEARDI LAUTARO (Costa Brava) PAZ LUCAS MATIAS (Costa Brava) PELOZO VICTOR ALEJANDRO (Costa<\/p>\n","protected":false},"author":2,"featured_media":0,"comment_status":"open","ping_status":"open","sticky":false,"template":"","format":"standard","meta":{"footnotes":""},"categories":[4],"tags":[],"class_list":["post-23230","post","type-post","status-publish","format-standard","hentry","category-informaciongeneral"],"_links":{"self":[{"href":"https:\/\/ligamercedina.com\/web\/wp-json\/wp\/v2\/posts\/23230","targetHints":{"allow":["GET"]}}],"collection":[{"href":"https:\/\/ligamercedina.com\/web\/wp-json\/wp\/v2\/posts"}],"about":[{"href":"https:\/\/ligamercedina.com\/web\/wp-json\/wp\/v2\/types\/post"}],"author":[{"embeddable":true,"href":"https:\/\/ligamercedina.com\/web\/wp-json\/wp\/v2\/users\/2"}],"replies":[{"embeddable":true,"href":"https:\/\/ligamercedina.com\/web\/wp-json\/wp\/v2\/comments?post=23230"}],"version-history":[{"count":5,"href":"https:\/\/ligamercedina.com\/web\/wp-json\/wp\/v2\/posts\/23230\/revisions"}],"predecessor-version":[{"id":23239,"href":"https:\/\/ligamercedina.com\/web\/wp-json\/wp\/v2\/posts\/23230\/revisions\/23239"}],"wp:attachment":[{"href":"https:\/\/ligamercedina.com\/web\/wp-json\/wp\/v2\/media?parent=23230"}],"wp:term":[{"taxonomy":"category","embeddable":true,"href":"https:\/\/ligamercedina.com\/web\/wp-json\/wp\/v2\/categories?post=23230"},{"taxonomy":"post_tag","embeddable":true,"href":"https:\/\/ligamercedina.com\/web\/wp-json\/wp\/v2\/tags?post=23230"}],"curies":[{"name":"wp","href":"https:\/\/api.w.org\/{rel}","templated":true}]}}