{"id":23195,"date":"2018-09-16T12:38:41","date_gmt":"2018-09-16T15:38:41","guid":{"rendered":"https:\/\/ligamercedina.com\/web\/?p=23195"},"modified":"2018-09-18T09:18:44","modified_gmt":"2018-09-18T12:18:44","slug":"primera-division-adelanto-de-horarios-para-las-fechas-1-2-y-3","status":"publish","type":"post","link":"https:\/\/ligamercedina.com\/web\/primera-division-adelanto-de-horarios-para-las-fechas-1-2-y-3\/","title":{"rendered":"PRIMERA DIVISION: ADELANTO DE HORARIOS PARA LAS FECHAS 1, 2 Y 3"},"content":{"rendered":"<blockquote><p><strong>PRIMERA DIVISION \u2013FECHA 1 CLAUSURA-<\/strong><\/p><\/blockquote>\n<p><em><strong>S\u00e1bado 22 de septiembre, cancha Liga Mercedina<\/strong><\/em><br \/>\n13:00 hs. Comunicaciones Vs. Pabell\u00f3n Argentino<br \/>\n15:00 hs. Col\u00f3n Vs. Palometas<br \/>\n17:00 hs. Holanda Vs. Costa Brava<br \/>\n19:00 hs. V\u00e9lez Sarsfield Vs. Defensores<\/p>\n<p><em><strong>Domingo 23 de septiembre, cancha Liga Mercedina<\/strong><\/em><br \/>\n11:00 hs. AMEFIP Vs. Pe\u00f1a Xeneize<br \/>\n13:00 hs. Estudiantes Vs. El Tim\u00f3n<\/p>\n<p><em><strong>Domingo 23 de septiembre, cancha Juventud <\/strong><\/em><br \/>\n15:00 hs. Juventud Vs. Ateneo<\/p>\n<p><em><strong>S\u00e1bado 22 de septiembre, cancha Atl\u00e9tico Marcos Paz <\/strong><\/em><br \/>\n16:00 hs. Atl\u00e9tico Marcos Paz Vs. Quilmes<\/p>\n<blockquote><p><strong>PRIMERA DIVISION \u2013FECHA 2 CLAUSURA-<\/strong><\/p><\/blockquote>\n<p><em><strong>Martes 25 de septiembre, cancha Liga Mercedina<\/strong><\/em><br \/>\n19:15 hs. Palometas Vs. Comunicaciones<br \/>\n21:15 hs. Defensores Vs. Holanda<\/p>\n<p><em><strong>Mi\u00e9rcoles 26 de septiembre, cancha Liga Mercedina<\/strong><\/em><br \/>\n19:15 hs. Quilmes Vs. Mercedes<br \/>\n21:15 hs. Pe\u00f1a Xeneize Vs. Juventud<\/p>\n<p><em><strong>Jueves 27 de septiembre, cancha Liga Mercedina<\/strong><\/em><br \/>\n19:15 hs. Ateneo Vs. Uni\u00f3n<br \/>\n21:15 hs. Tim\u00f3n Vs. Atl\u00e9tico Marcos Paz<\/p>\n<p><em><strong>A confirmar (martes o mi\u00e9rcoles)<\/strong><\/em><br \/>\n20:00 hs. Costa Brava Vs. Trocha<\/p>\n<p><em><strong>A confirmar <\/strong><\/em><br \/>\nPabell\u00f3n Argentino Vs. El Front\u00f3n<\/p>\n<blockquote><p><strong>PRIMERA DIVISION \u2013FECHA 3 CLAUSURA-<\/strong><\/p><\/blockquote>\n<p>Domingo 30 de septiembre, cancha Liga Mercedina<br \/>\n11:00 hs. Uni\u00f3n vs. Pe\u00f1a Xeneize<br \/>\n13:00 hs. Trocha vs. Defensores<br \/>\n15:00 hs. Holanda Vs. V\u00e9lez<br \/>\n17:00 hs. Mercedes Vs. El Tim\u00f3n<\/p>\n<p><em><strong>A confirmar<\/strong><\/em><br \/>\nEl Front\u00f3n Vs. Palometas <\/p>\n<p><em><strong>A confirmar<\/strong><\/em><br \/>\nAtl\u00e9tico Marcos Paz Vs. Estudiantes<\/p>\n<p><em><strong>A confirmar<\/strong><\/em><br \/>\nJuventud Vs. AMEFIP<\/p>\n<p><em><strong>Postergado<\/strong><\/em><br \/>\nComunicaciones Vs. Col\u00f3n<\/p>\n","protected":false},"excerpt":{"rendered":"<p>PRIMERA DIVISION \u2013FECHA 1 CLAUSURA- S\u00e1bado 22 de septiembre, cancha Liga Mercedina 13:00 hs. Comunicaciones Vs. Pabell\u00f3n Argentino 15:00 hs. Col\u00f3n Vs. Palometas 17:00 hs. Holanda Vs. Costa Brava 19:00 hs. V\u00e9lez Sarsfield Vs. Defensores Domingo 23 de septiembre, cancha Liga Mercedina 11:00 hs. AMEFIP Vs. Pe\u00f1a Xeneize 13:00 hs. Estudiantes Vs. El Tim\u00f3n Domingo 23 de septiembre, cancha Juventud<\/p>\n","protected":false},"author":2,"featured_media":0,"comment_status":"open","ping_status":"open","sticky":false,"template":"","format":"standard","meta":{"footnotes":""},"categories":[4],"tags":[],"class_list":["post-23195","post","type-post","status-publish","format-standard","hentry","category-informaciongeneral"],"_links":{"self":[{"href":"https:\/\/ligamercedina.com\/web\/wp-json\/wp\/v2\/posts\/23195","targetHints":{"allow":["GET"]}}],"collection":[{"href":"https:\/\/ligamercedina.com\/web\/wp-json\/wp\/v2\/posts"}],"about":[{"href":"https:\/\/ligamercedina.com\/web\/wp-json\/wp\/v2\/types\/post"}],"author":[{"embeddable":true,"href":"https:\/\/ligamercedina.com\/web\/wp-json\/wp\/v2\/users\/2"}],"replies":[{"embeddable":true,"href":"https:\/\/ligamercedina.com\/web\/wp-json\/wp\/v2\/comments?post=23195"}],"version-history":[{"count":2,"href":"https:\/\/ligamercedina.com\/web\/wp-json\/wp\/v2\/posts\/23195\/revisions"}],"predecessor-version":[{"id":23201,"href":"https:\/\/ligamercedina.com\/web\/wp-json\/wp\/v2\/posts\/23195\/revisions\/23201"}],"wp:attachment":[{"href":"https:\/\/ligamercedina.com\/web\/wp-json\/wp\/v2\/media?parent=23195"}],"wp:term":[{"taxonomy":"category","embeddable":true,"href":"https:\/\/ligamercedina.com\/web\/wp-json\/wp\/v2\/categories?post=23195"},{"taxonomy":"post_tag","embeddable":true,"href":"https:\/\/ligamercedina.com\/web\/wp-json\/wp\/v2\/tags?post=23195"}],"curies":[{"name":"wp","href":"https:\/\/api.w.org\/{rel}","templated":true}]}}