{"id":23190,"date":"2018-09-16T11:44:38","date_gmt":"2018-09-16T14:44:38","guid":{"rendered":"https:\/\/ligamercedina.com\/web\/?p=23190"},"modified":"2018-09-16T11:58:37","modified_gmt":"2018-09-16T14:58:37","slug":"infanto-juvenil-resultados-fecha-1-del-clausura","status":"publish","type":"post","link":"https:\/\/ligamercedina.com\/web\/infanto-juvenil-resultados-fecha-1-del-clausura\/","title":{"rendered":"INFANTO-JUVENIL: RESULTADOS FECHA 1 DEL CLAUSURA"},"content":{"rendered":"<p><strong>PALOMETAS \u2013 ESTUDIANTES<\/strong><br \/>\nCategor\u00eda 2009: 0 &#8211; 5<br \/>\nCategor\u00eda 2008: 0 &#8211; 1<br \/>\nCategor\u00eda 2007: 0 &#8211; 0<br \/>\nCategor\u00eda 2006: 0 \u2013 2<br \/>\nCategor\u00eda 2005: 1 \u2013 0<br \/>\nCategor\u00eda 2004: 0 \u2013 4<br \/>\nCategor\u00eda 2003: 0 \u2013 3<br \/>\nCategor\u00eda 5a: 3 \u2013 1 <\/p>\n<p><strong>JUVENTUD \u2013 MERCEDES \u201cA\u201d<\/strong><br \/>\nCategor\u00eda 2009: 3 \u2013 0<br \/>\nCategor\u00eda 2008: 0 \u2013 3<br \/>\nCategor\u00eda 2007: 1 \u2013 1<br \/>\nCategor\u00eda 2006: 4 \u2013 0<br \/>\nCategor\u00eda 2005: 0 \u2013 0<br \/>\nCategor\u00eda 2004:  1 \u2013 4<br \/>\nCategor\u00eda 2003:  0 \u2013 0<br \/>\nCategor\u00eda 5a:  1 \u2013 2 <\/p>\n<p><strong>PABELLON ARGENTINO \u2013 ATENEO<\/strong><br \/>\nCategor\u00eda 2006:  0 &#8211; 1<br \/>\nCategor\u00eda 2005:  0 &#8211; 0<br \/>\nCategor\u00eda 2004:  3 \u2013 1<br \/>\nCategor\u00eda 2003: 1 \u2013 1<br \/>\nCategor\u00eda 5a:  0 \u2013 0 <\/p>\n<p><strong>MERCEDES \u2013 EL FRONTON<\/strong><br \/>\nCategor\u00eda 2009: 0 \u2013 0<br \/>\nCategor\u00eda 2008: 1 \u2013 2<br \/>\nCategor\u00eda 2007: 2 \u2013 0<br \/>\nCategor\u00eda 2006:  1 \u2013 1<br \/>\nCategor\u00eda 2005:  0 \u2013 1<br \/>\nCategor\u00eda 2004:  0 \u2013 0<br \/>\nCategor\u00eda 2003:  0 \u2013 0<br \/>\nCategor\u00eda 5a: 1 &#8211; 1<\/p>\n<p><strong>VELEZ SARSFIELD \u2013 LOS VASCOS<\/strong><br \/>\nCategor\u00eda 2009: 0 \u2013 5<br \/>\nCategor\u00eda 2008: 0 \u2013 2<br \/>\nCategor\u00eda 2007:  1 &#8211; 1<br \/>\nCategor\u00eda 2006:  0 \u2013 2<br \/>\nCategor\u00eda 2004:  3 \u2013 0<br \/>\nCategor\u00eda 2003: 1 \u2013 3 <\/p>\n<p><strong>QUILMES \u2013 ATLETICO MARCOS PAZ<\/strong><br \/>\nCategor\u00eda 2006: 0 \u2013 0<br \/>\nCategor\u00eda 2005: 1 \u2013 1<br \/>\nCategor\u00eda 2004:  1 &#8211; 1<br \/>\nCategor\u00eda 5a: 2 \u2013 2  <\/p>\n","protected":false},"excerpt":{"rendered":"<p>PALOMETAS \u2013 ESTUDIANTES Categor\u00eda 2009: 0 &#8211; 5 Categor\u00eda 2008: 0 &#8211; 1 Categor\u00eda 2007: 0 &#8211; 0 Categor\u00eda 2006: 0 \u2013 2 Categor\u00eda 2005: 1 \u2013 0 Categor\u00eda 2004: 0 \u2013 4 Categor\u00eda 2003: 0 \u2013 3 Categor\u00eda 5a: 3 \u2013 1 JUVENTUD \u2013 MERCEDES \u201cA\u201d Categor\u00eda 2009: 3 \u2013 0 Categor\u00eda 2008: 0 \u2013 3 Categor\u00eda 2007: 1<\/p>\n","protected":false},"author":2,"featured_media":0,"comment_status":"open","ping_status":"open","sticky":false,"template":"","format":"standard","meta":{"footnotes":""},"categories":[4],"tags":[],"class_list":["post-23190","post","type-post","status-publish","format-standard","hentry","category-informaciongeneral"],"_links":{"self":[{"href":"https:\/\/ligamercedina.com\/web\/wp-json\/wp\/v2\/posts\/23190","targetHints":{"allow":["GET"]}}],"collection":[{"href":"https:\/\/ligamercedina.com\/web\/wp-json\/wp\/v2\/posts"}],"about":[{"href":"https:\/\/ligamercedina.com\/web\/wp-json\/wp\/v2\/types\/post"}],"author":[{"embeddable":true,"href":"https:\/\/ligamercedina.com\/web\/wp-json\/wp\/v2\/users\/2"}],"replies":[{"embeddable":true,"href":"https:\/\/ligamercedina.com\/web\/wp-json\/wp\/v2\/comments?post=23190"}],"version-history":[{"count":4,"href":"https:\/\/ligamercedina.com\/web\/wp-json\/wp\/v2\/posts\/23190\/revisions"}],"predecessor-version":[{"id":23194,"href":"https:\/\/ligamercedina.com\/web\/wp-json\/wp\/v2\/posts\/23190\/revisions\/23194"}],"wp:attachment":[{"href":"https:\/\/ligamercedina.com\/web\/wp-json\/wp\/v2\/media?parent=23190"}],"wp:term":[{"taxonomy":"category","embeddable":true,"href":"https:\/\/ligamercedina.com\/web\/wp-json\/wp\/v2\/categories?post=23190"},{"taxonomy":"post_tag","embeddable":true,"href":"https:\/\/ligamercedina.com\/web\/wp-json\/wp\/v2\/tags?post=23190"}],"curies":[{"name":"wp","href":"https:\/\/api.w.org\/{rel}","templated":true}]}}