{"id":23178,"date":"2018-09-13T23:56:56","date_gmt":"2018-09-14T02:56:56","guid":{"rendered":"https:\/\/ligamercedina.com\/web\/?p=23178"},"modified":"2018-09-13T23:56:56","modified_gmt":"2018-09-14T02:56:56","slug":"sobre-fecha-para-los-dias-22-y-23-de-septiembre","status":"publish","type":"post","link":"https:\/\/ligamercedina.com\/web\/sobre-fecha-para-los-dias-22-y-23-de-septiembre\/","title":{"rendered":"SOBRE FECHA PARA LOS DIAS 22 Y 23 DE SEPTIEMBRE"},"content":{"rendered":"<blockquote><p><strong>Teniendo en cuenta lo charlado en la \u00faltima reuni\u00f3n de delegados sobre diagramaci\u00f3n de fecha para los d\u00edas 22 y 23 de septiembre por el Clausura de Divisiones Inferiores, se informa que hasta el d\u00edas martes a las 17 horas se recibir\u00e1n los acuerdos de clubes para la disputa de partidos s\u00e1bado o domingo. A la situaci\u00f3n por los festejos por el d\u00eda de la primavera tambi\u00e9n se suma ahora la realizaci\u00f3n de otros eventos de mucha convocatoria a realizarse en Mercedes (Fiesta del Salame y Primavera sin Descontrol).<\/p>\n<p>Se informa que de no existir informaci\u00f3n sobre acuerdos, los partidos no ser\u00e1n programados, quedando postergados para fechas posteriores.<\/p>\n<p>Se hace saber que en ambos d\u00edas se programar\u00e1n partidos correspondientes a los torneos de Primera y Reserva. <\/strong><\/p><\/blockquote>\n","protected":false},"excerpt":{"rendered":"<p>Teniendo en cuenta lo charlado en la \u00faltima reuni\u00f3n de delegados sobre diagramaci\u00f3n de fecha para los d\u00edas 22 y 23 de septiembre por el Clausura de Divisiones Inferiores, se informa que hasta el d\u00edas martes a las 17 horas se recibir\u00e1n los acuerdos de clubes para la disputa de partidos s\u00e1bado o domingo. A la situaci\u00f3n por los festejos<\/p>\n","protected":false},"author":2,"featured_media":0,"comment_status":"open","ping_status":"open","sticky":false,"template":"","format":"standard","meta":{"footnotes":""},"categories":[4],"tags":[],"class_list":["post-23178","post","type-post","status-publish","format-standard","hentry","category-informaciongeneral"],"_links":{"self":[{"href":"https:\/\/ligamercedina.com\/web\/wp-json\/wp\/v2\/posts\/23178","targetHints":{"allow":["GET"]}}],"collection":[{"href":"https:\/\/ligamercedina.com\/web\/wp-json\/wp\/v2\/posts"}],"about":[{"href":"https:\/\/ligamercedina.com\/web\/wp-json\/wp\/v2\/types\/post"}],"author":[{"embeddable":true,"href":"https:\/\/ligamercedina.com\/web\/wp-json\/wp\/v2\/users\/2"}],"replies":[{"embeddable":true,"href":"https:\/\/ligamercedina.com\/web\/wp-json\/wp\/v2\/comments?post=23178"}],"version-history":[{"count":2,"href":"https:\/\/ligamercedina.com\/web\/wp-json\/wp\/v2\/posts\/23178\/revisions"}],"predecessor-version":[{"id":23180,"href":"https:\/\/ligamercedina.com\/web\/wp-json\/wp\/v2\/posts\/23178\/revisions\/23180"}],"wp:attachment":[{"href":"https:\/\/ligamercedina.com\/web\/wp-json\/wp\/v2\/media?parent=23178"}],"wp:term":[{"taxonomy":"category","embeddable":true,"href":"https:\/\/ligamercedina.com\/web\/wp-json\/wp\/v2\/categories?post=23178"},{"taxonomy":"post_tag","embeddable":true,"href":"https:\/\/ligamercedina.com\/web\/wp-json\/wp\/v2\/tags?post=23178"}],"curies":[{"name":"wp","href":"https:\/\/api.w.org\/{rel}","templated":true}]}}