{"id":23176,"date":"2018-09-13T20:25:33","date_gmt":"2018-09-13T23:25:33","guid":{"rendered":"https:\/\/ligamercedina.com\/web\/?p=23176"},"modified":"2018-09-13T20:25:33","modified_gmt":"2018-09-13T23:25:33","slug":"futbol-femenino-horarios-para-el-fin-de-semana-19","status":"publish","type":"post","link":"https:\/\/ligamercedina.com\/web\/futbol-femenino-horarios-para-el-fin-de-semana-19\/","title":{"rendered":"FUTBOL FEMENINO: HORARIOS PARA EL FIN DE SEMANA"},"content":{"rendered":"<blockquote><p><strong>PRIMERA DIVISION<\/strong><\/p><\/blockquote>\n<p><strong>D\u00eda:<\/strong> S\u00e1bado 15 de septiembre<br \/>\n<strong>Cancha:<\/strong> Comunicaciones<br \/>\n<strong>Direcci\u00f3n:<\/strong> 26 entre 47 y 49<\/p>\n<p>17:00 hs, Mercedes Vs.\tEl Front\u00f3n<br \/>\n18:00 hs. Uni\u00f3n Vs. AMEFIP<br \/>\n19:00 hs. Comunicaciones Vs. Alfa<br \/>\n20:00 hs. V\u00e9lez Vs. Envi\u00f3n<br \/>\n<strong>Libre:<\/strong> Estudiantes<\/p>\n<blockquote><p><strong>INFERIORES<\/strong><\/p><\/blockquote>\n<p><strong>D\u00eda:<\/strong> Domingo 16 de septiembre<br \/>\n<strong>Cancha: <\/strong>Comunicaciones<br \/>\n<strong>Direcci\u00f3n:<\/strong> 26 entre 47 y 49<\/p>\n<p>11:00 hs. -SUB 12- Estudiantes Vs.\tV\u00e9lez<br \/>\n12:00 hs. -SUB 12- Comunicaciones Vs. Alfa<br \/>\n13:00 hs. -SUB 16- V\u00e9lez Vs. Alfa<br \/>\n14:00 hs. -SUB 16- Estudiantes Vs. Defensores<br \/>\n15:00 hs. -SUB 16- Comunicaciones Vs. Independiente<\/p>\n","protected":false},"excerpt":{"rendered":"<p>PRIMERA DIVISION D\u00eda: S\u00e1bado 15 de septiembre Cancha: Comunicaciones Direcci\u00f3n: 26 entre 47 y 49 17:00 hs, Mercedes Vs. El Front\u00f3n 18:00 hs. Uni\u00f3n Vs. AMEFIP 19:00 hs. Comunicaciones Vs. Alfa 20:00 hs. V\u00e9lez Vs. Envi\u00f3n Libre: Estudiantes INFERIORES D\u00eda: Domingo 16 de septiembre Cancha: Comunicaciones Direcci\u00f3n: 26 entre 47 y 49 11:00 hs. -SUB 12- Estudiantes Vs. V\u00e9lez 12:00<\/p>\n","protected":false},"author":2,"featured_media":0,"comment_status":"open","ping_status":"open","sticky":false,"template":"","format":"standard","meta":{"footnotes":""},"categories":[4],"tags":[],"class_list":["post-23176","post","type-post","status-publish","format-standard","hentry","category-informaciongeneral"],"_links":{"self":[{"href":"https:\/\/ligamercedina.com\/web\/wp-json\/wp\/v2\/posts\/23176","targetHints":{"allow":["GET"]}}],"collection":[{"href":"https:\/\/ligamercedina.com\/web\/wp-json\/wp\/v2\/posts"}],"about":[{"href":"https:\/\/ligamercedina.com\/web\/wp-json\/wp\/v2\/types\/post"}],"author":[{"embeddable":true,"href":"https:\/\/ligamercedina.com\/web\/wp-json\/wp\/v2\/users\/2"}],"replies":[{"embeddable":true,"href":"https:\/\/ligamercedina.com\/web\/wp-json\/wp\/v2\/comments?post=23176"}],"version-history":[{"count":1,"href":"https:\/\/ligamercedina.com\/web\/wp-json\/wp\/v2\/posts\/23176\/revisions"}],"predecessor-version":[{"id":23177,"href":"https:\/\/ligamercedina.com\/web\/wp-json\/wp\/v2\/posts\/23176\/revisions\/23177"}],"wp:attachment":[{"href":"https:\/\/ligamercedina.com\/web\/wp-json\/wp\/v2\/media?parent=23176"}],"wp:term":[{"taxonomy":"category","embeddable":true,"href":"https:\/\/ligamercedina.com\/web\/wp-json\/wp\/v2\/categories?post=23176"},{"taxonomy":"post_tag","embeddable":true,"href":"https:\/\/ligamercedina.com\/web\/wp-json\/wp\/v2\/tags?post=23176"}],"curies":[{"name":"wp","href":"https:\/\/api.w.org\/{rel}","templated":true}]}}