{"id":23174,"date":"2018-09-13T20:15:34","date_gmt":"2018-09-13T23:15:34","guid":{"rendered":"https:\/\/ligamercedina.com\/web\/?p=23174"},"modified":"2018-09-13T20:15:34","modified_gmt":"2018-09-13T23:15:34","slug":"horarios-para-primera-y-reserva-2","status":"publish","type":"post","link":"https:\/\/ligamercedina.com\/web\/horarios-para-primera-y-reserva-2\/","title":{"rendered":"HORARIOS PARA PRIMERA Y RESERVA"},"content":{"rendered":"<blockquote><p><strong>PRIMERA DIVISION &#8211; FINAL IDA &#8211;<\/strong><\/p><\/blockquote>\n<p><em><strong>S\u00e1bado 15 de septiembre, cancha Liga <\/strong><\/em><br \/>\n18:00 hs. Trocha Vs. Mercedes<\/p>\n<blockquote><p><strong>RESERVA &#8211; SEMIFINALES &#8211;<\/strong><\/p><\/blockquote>\n<p><em><strong>S\u00e1bado 15 de septiembre, cancha Liga <\/strong><\/em><br \/>\n14:30 hs. AMEFIP Vs. Pabell\u00f3n Argentino<\/p>\n<p><em><strong>Domingo 16 de septiembre, cancha Atl\u00e9tico Marcos Paz<\/strong><\/em><br \/>\n15:00 hs. Atl\u00e9tico Marcos Paz Vs. Quilmes <\/p>\n","protected":false},"excerpt":{"rendered":"<p>PRIMERA DIVISION &#8211; FINAL IDA &#8211; S\u00e1bado 15 de septiembre, cancha Liga 18:00 hs. Trocha Vs. Mercedes RESERVA &#8211; SEMIFINALES &#8211; S\u00e1bado 15 de septiembre, cancha Liga 14:30 hs. AMEFIP Vs. Pabell\u00f3n Argentino Domingo 16 de septiembre, cancha Atl\u00e9tico Marcos Paz 15:00 hs. Atl\u00e9tico Marcos Paz Vs. Quilmes<\/p>\n","protected":false},"author":2,"featured_media":0,"comment_status":"open","ping_status":"open","sticky":false,"template":"","format":"standard","meta":{"footnotes":""},"categories":[4],"tags":[],"class_list":["post-23174","post","type-post","status-publish","format-standard","hentry","category-informaciongeneral"],"_links":{"self":[{"href":"https:\/\/ligamercedina.com\/web\/wp-json\/wp\/v2\/posts\/23174","targetHints":{"allow":["GET"]}}],"collection":[{"href":"https:\/\/ligamercedina.com\/web\/wp-json\/wp\/v2\/posts"}],"about":[{"href":"https:\/\/ligamercedina.com\/web\/wp-json\/wp\/v2\/types\/post"}],"author":[{"embeddable":true,"href":"https:\/\/ligamercedina.com\/web\/wp-json\/wp\/v2\/users\/2"}],"replies":[{"embeddable":true,"href":"https:\/\/ligamercedina.com\/web\/wp-json\/wp\/v2\/comments?post=23174"}],"version-history":[{"count":1,"href":"https:\/\/ligamercedina.com\/web\/wp-json\/wp\/v2\/posts\/23174\/revisions"}],"predecessor-version":[{"id":23175,"href":"https:\/\/ligamercedina.com\/web\/wp-json\/wp\/v2\/posts\/23174\/revisions\/23175"}],"wp:attachment":[{"href":"https:\/\/ligamercedina.com\/web\/wp-json\/wp\/v2\/media?parent=23174"}],"wp:term":[{"taxonomy":"category","embeddable":true,"href":"https:\/\/ligamercedina.com\/web\/wp-json\/wp\/v2\/categories?post=23174"},{"taxonomy":"post_tag","embeddable":true,"href":"https:\/\/ligamercedina.com\/web\/wp-json\/wp\/v2\/tags?post=23174"}],"curies":[{"name":"wp","href":"https:\/\/api.w.org\/{rel}","templated":true}]}}