{"id":23165,"date":"2018-09-13T00:51:46","date_gmt":"2018-09-13T03:51:46","guid":{"rendered":"https:\/\/ligamercedina.com\/web\/?p=23165"},"modified":"2018-09-13T01:04:23","modified_gmt":"2018-09-13T04:04:23","slug":"primera-reserva-zonas-y-fixture-para-el-clausura-2018","status":"publish","type":"post","link":"https:\/\/ligamercedina.com\/web\/primera-reserva-zonas-y-fixture-para-el-clausura-2018\/","title":{"rendered":"PRIMERA &#8211; RESERVA: ZONAS Y FIXTURE PARA EL CLAUSURA 2018"},"content":{"rendered":"<p><strong>A partir de confirmarse quienes ser\u00e1n los finalistas del Torneo de Primera Divisi\u00f3n se brinda la informaci\u00f3n para el Torneo Clausura.<br \/>\nSe hace saber que teniendo en cuenta que Mercedes y Trocha jugar\u00e1n las finales, ambos conjuntos quedar\u00e1n libres en la fecha 1 del Clausura, lo cual ha motivado cambios en la programaci\u00f3n que estaba prevista.<br \/>\nSe deja en claro que no hubo modificaci\u00f3n de equipos en zonas, manteni\u00e9ndose las que fueron sorteadas en el comienzo de la temporada. No as\u00ed cada una de las fechas.<br \/>\nA la vez se hace saber que las fechas 2, 5 y 9 se jugar\u00e1n entre semana, no descart\u00e1ndose que se pueda sumar alguna otra.<\/strong><\/p>\n<p><a href=\"https:\/\/ligamercedina.com\/web\/wp-content\/uploads\/2018\/09\/Hoja1.pdf\">Hoja1<\/a><\/p>\n","protected":false},"excerpt":{"rendered":"<p>A partir de confirmarse quienes ser\u00e1n los finalistas del Torneo de Primera Divisi\u00f3n se brinda la informaci\u00f3n para el Torneo Clausura. Se hace saber que teniendo en cuenta que Mercedes y Trocha jugar\u00e1n las finales, ambos conjuntos quedar\u00e1n libres en la fecha 1 del Clausura, lo cual ha motivado cambios en la programaci\u00f3n que estaba prevista. Se deja en claro<\/p>\n","protected":false},"author":2,"featured_media":0,"comment_status":"open","ping_status":"open","sticky":false,"template":"","format":"standard","meta":{"footnotes":""},"categories":[4],"tags":[],"class_list":["post-23165","post","type-post","status-publish","format-standard","hentry","category-informaciongeneral"],"_links":{"self":[{"href":"https:\/\/ligamercedina.com\/web\/wp-json\/wp\/v2\/posts\/23165","targetHints":{"allow":["GET"]}}],"collection":[{"href":"https:\/\/ligamercedina.com\/web\/wp-json\/wp\/v2\/posts"}],"about":[{"href":"https:\/\/ligamercedina.com\/web\/wp-json\/wp\/v2\/types\/post"}],"author":[{"embeddable":true,"href":"https:\/\/ligamercedina.com\/web\/wp-json\/wp\/v2\/users\/2"}],"replies":[{"embeddable":true,"href":"https:\/\/ligamercedina.com\/web\/wp-json\/wp\/v2\/comments?post=23165"}],"version-history":[{"count":5,"href":"https:\/\/ligamercedina.com\/web\/wp-json\/wp\/v2\/posts\/23165\/revisions"}],"predecessor-version":[{"id":23173,"href":"https:\/\/ligamercedina.com\/web\/wp-json\/wp\/v2\/posts\/23165\/revisions\/23173"}],"wp:attachment":[{"href":"https:\/\/ligamercedina.com\/web\/wp-json\/wp\/v2\/media?parent=23165"}],"wp:term":[{"taxonomy":"category","embeddable":true,"href":"https:\/\/ligamercedina.com\/web\/wp-json\/wp\/v2\/categories?post=23165"},{"taxonomy":"post_tag","embeddable":true,"href":"https:\/\/ligamercedina.com\/web\/wp-json\/wp\/v2\/tags?post=23165"}],"curies":[{"name":"wp","href":"https:\/\/api.w.org\/{rel}","templated":true}]}}