{"id":23155,"date":"2018-09-12T01:02:29","date_gmt":"2018-09-12T04:02:29","guid":{"rendered":"https:\/\/ligamercedina.com\/web\/?p=23155"},"modified":"2018-09-12T01:02:29","modified_gmt":"2018-09-12T04:02:29","slug":"amonestaciones-al-11-de-septiembre","status":"publish","type":"post","link":"https:\/\/ligamercedina.com\/web\/amonestaciones-al-11-de-septiembre\/","title":{"rendered":"AMONESTACIONES AL 11 DE SEPTIEMBRE"},"content":{"rendered":"<blockquote><p><strong>JUGADORES CON NUEVE (9) TARJETAS AMARILLAS<\/strong><\/p><\/blockquote>\n<p>Stillisano, Alexis (Juventud)<br \/>\nP\u00e9rez, Tom\u00e0s\t(Com&#8217;ciones)<br \/>\nRandazzo, Nicol\u00e1s (Front\u00f3n)<br \/>\nLacroux, Ezequiel (Pabell\u00f3n)<br \/>\nUviz, Agust\u00edn (Trocha)<\/p>\n<blockquote><p><strong>JUGADORES CON CUATRO (4) TARJETAS AMARILLAS<\/strong><\/p><\/blockquote>\n<p>Vel\u00e1zquez, Emmanuel -Trocha&#8211;<br \/>\nPaj\u00f3n, Jonathan\t-Pe\u00f1a-<br \/>\nCuevas, Sebasti\u00e1n -Uni\u00f3n-<br \/>\nAcosta, Mario\t Uni\u00f3n-<br \/>\nL\u00f3pez, Jonathan\tCom&#8217;ciones<br \/>\nBallesteros, Maximiliano -Trocha-<br \/>\nBenedettti, Diego -Defensores-<br \/>\nLombardo, Juan\t-Estudiantes-<br \/>\nDenis, Federico\t-Pe\u00f1a-<br \/>\nMansilla, Ruben\t-Quilmes-<br \/>\nLiteras, Sebasti\u00e1n -Pe\u00f1a-<br \/>\nCousse, Alejandro -Com&#8217;ciones-<br \/>\nSaavedra, Gustavo -Tim\u00f3n-<br \/>\nGarc\u00eda, Esteban\t-Juventud-<br \/>\nMena, Rodrigo -Col\u00f3n-<br \/>\nAcu\u00f1a, Dami\u00e1n -Costa Brava-<br \/>\nCarrizo, Claudio -Ateneo-<br \/>\nRoncoroni, Mat\u00edas -Front\u00f3n-<br \/>\nGagliardi, Tom\u00e1s -Pabell\u00f3n-<br \/>\nBartolomeo, Jonathan -Com&#8217;ciones-<br \/>\nMonteros, Mart\u00edn -Atl\u00e9tico-<br \/>\nCompagnoni, Julio -Tim\u00f3n-<br \/>\nMonz\u00f3n, Franco -Pabell\u00f3n-<br \/>\nPaj\u00f3n, Walter -AMEFIP-<br \/>\nEspinosa, Ruben -Holanda-<br \/>\nAtampi, Lucas -Pe\u00f1a-<br \/>\nBassi, Federico -Estudiantes-<br \/>\nD\u00edaz, Nicol\u00e1s -V\u00e9lez-<br \/>\nG\u00f3mez, Matias -Costa Brava-<br \/>\nAsensos, Diego -Tim\u00f3n-<br \/>\nCuello, Jonathan -Com&#8217;ciones-<br \/>\nDe Diego, Patricio -Tim\u00f3n-<br \/>\nL\u00f3pez, Rodrigo -Pe\u00f1a-<br \/>\nPaj\u00f3n, Daniel -Defensores-<br \/>\nMaineri, Franco -Pe\u00f1a-<br \/>\nAlderete, Fabi\u00e1n -V\u00e9lez-<br \/>\nCastro, Franco -Col\u00f3n-<br \/>\nAltamore, Tom\u00e1s -Uni\u00f3n-<br \/>\nMoyano, Braian -V\u00e9lez-<br \/>\nBorrasca, Tom\u00e1s -Estudiantes-<br \/>\nIribarne, Seraf\u00edn -Juventud-<br \/>\nDel Bianco, Federico -Pe\u00f1a-<br \/>\nLucero, Gast\u00f3n\t-Holanda-<br \/>\nIarza, Esteban\t-Defensores-<br \/>\nFern\u00e1ndez, Juan\t-Uni\u00f3n-<br \/>\nAguirre, Marcelo -Uni\u00f3n-<br \/>\nMilo, Diego -AMEFIP-<br \/>\nDenis, Nelson -Quilmes-<br \/>\nLennard, Francisco -Front\u00f3n-<br \/>\nMonz\u00f3n, Federico -Tim\u00f3n-<br \/>\nDomancich, Tom\u00e1s -Front\u00f3n-<br \/>\nDi Blasi, Mart\u00edn -Tim\u00f3n-<br \/>\nCarri\u00f3, Gabriel -Quilmes-<br \/>\nDematei, Juan Ignacio -Mercedes-<br \/>\nMendiola, Joaqu\u00edn -Ateneo-<br \/>\nCastro, Pablo -V\u00e9lez-<br \/>\nJaime, Gonzalo -Trocha-<br \/>\nJu\u00e1rez, Franco -AMEFIP-<br \/>\nCamargo, Maros -AMEFIP-<br \/>\nZapata, Oscar -Front\u00f3n-<br \/>\nMachado, Maximiliano -Juventud-<br \/>\nPicone, Lucas -Mercedes-<br \/>\nTorres, Agust\u00edn -AMEFIP-<br \/>\nEspil, Solano -Mercedes-<br \/>\nMu\u00f1oz, Daniel -Trocha-<br \/>\nGallardo, Luciano -Pabell\u00f3n-<br \/>\nCalabria, Patricio -AMEFIP-<br \/>\nOjeda, Ricardo -Trocha &#8211;<br \/>\nGrosso, Federico -Trocha- <\/p>\n","protected":false},"excerpt":{"rendered":"<p>JUGADORES CON NUEVE (9) TARJETAS AMARILLAS Stillisano, Alexis (Juventud) P\u00e9rez, Tom\u00e0s (Com&#8217;ciones) Randazzo, Nicol\u00e1s (Front\u00f3n) Lacroux, Ezequiel (Pabell\u00f3n) Uviz, Agust\u00edn (Trocha) JUGADORES CON CUATRO (4) TARJETAS AMARILLAS Vel\u00e1zquez, Emmanuel -Trocha&#8211; Paj\u00f3n, Jonathan -Pe\u00f1a- Cuevas, Sebasti\u00e1n -Uni\u00f3n- Acosta, Mario Uni\u00f3n- L\u00f3pez, Jonathan Com&#8217;ciones Ballesteros, Maximiliano -Trocha- Benedettti, Diego -Defensores- Lombardo, Juan -Estudiantes- Denis, Federico -Pe\u00f1a- Mansilla, Ruben -Quilmes- Literas, Sebasti\u00e1n -Pe\u00f1a-<\/p>\n","protected":false},"author":2,"featured_media":0,"comment_status":"open","ping_status":"open","sticky":false,"template":"","format":"standard","meta":{"footnotes":""},"categories":[4],"tags":[],"class_list":["post-23155","post","type-post","status-publish","format-standard","hentry","category-informaciongeneral"],"_links":{"self":[{"href":"https:\/\/ligamercedina.com\/web\/wp-json\/wp\/v2\/posts\/23155","targetHints":{"allow":["GET"]}}],"collection":[{"href":"https:\/\/ligamercedina.com\/web\/wp-json\/wp\/v2\/posts"}],"about":[{"href":"https:\/\/ligamercedina.com\/web\/wp-json\/wp\/v2\/types\/post"}],"author":[{"embeddable":true,"href":"https:\/\/ligamercedina.com\/web\/wp-json\/wp\/v2\/users\/2"}],"replies":[{"embeddable":true,"href":"https:\/\/ligamercedina.com\/web\/wp-json\/wp\/v2\/comments?post=23155"}],"version-history":[{"count":1,"href":"https:\/\/ligamercedina.com\/web\/wp-json\/wp\/v2\/posts\/23155\/revisions"}],"predecessor-version":[{"id":23156,"href":"https:\/\/ligamercedina.com\/web\/wp-json\/wp\/v2\/posts\/23155\/revisions\/23156"}],"wp:attachment":[{"href":"https:\/\/ligamercedina.com\/web\/wp-json\/wp\/v2\/media?parent=23155"}],"wp:term":[{"taxonomy":"category","embeddable":true,"href":"https:\/\/ligamercedina.com\/web\/wp-json\/wp\/v2\/categories?post=23155"},{"taxonomy":"post_tag","embeddable":true,"href":"https:\/\/ligamercedina.com\/web\/wp-json\/wp\/v2\/tags?post=23155"}],"curies":[{"name":"wp","href":"https:\/\/api.w.org\/{rel}","templated":true}]}}