{"id":23148,"date":"2018-09-12T00:05:52","date_gmt":"2018-09-12T03:05:52","guid":{"rendered":"https:\/\/ligamercedina.com\/web\/?p=23148"},"modified":"2018-09-12T00:12:18","modified_gmt":"2018-09-12T03:12:18","slug":"futbol-femenino-fixtur-de-inferiores","status":"publish","type":"post","link":"https:\/\/ligamercedina.com\/web\/futbol-femenino-fixtur-de-inferiores\/","title":{"rendered":"FUTBOL FEMENINO: FIXTURE DE INFERIORES"},"content":{"rendered":"<blockquote><p><strong>SUB 12<\/strong><\/p><\/blockquote>\n<p><strong>Fecha 1<\/strong><br \/>\nAlfa Vs. Estudiantes<br \/>\nV\u00e9lez Vs. Comunicaciones\t<\/p>\n<p><strong>Fecha 2<\/strong><br \/>\nComunicaciones Vs. Alfa<br \/>\nEstudiantes Vs.\tV\u00e9lez\t<\/p>\n<p><strong>Fecha 3<\/strong><br \/>\nAlfa Vs. V\u00e9lez<br \/>\nComunicaciones Vs. Estudiantes\t<\/p>\n<p><strong>Fecha 4<\/strong><br \/>\nEstudiantes Vs. Alfa<br \/>\nComunicaciones Vs. V\u00e9lez Sarsfield<\/p>\n<p><strong>Fecha 5<\/strong><br \/>\nAlfa Vs. Comunicaciones<br \/>\nV\u00e9lez Vs. Estudiantes<\/p>\n<p><strong>Fecha 6<\/strong><br \/>\nV\u00e9lez Vs. Alfa<br \/>\nEstudiantes Vs. Comunicaciones<\/p>\n<blockquote><p><strong>SUB 16<\/strong><\/p><\/blockquote>\n<p><strong>Fecha 1<\/strong><br \/>\nAlfa Vs. Independiente<br \/>\nDefensores Vs. Comunicaciones<br \/>\nV\u00e9lez Vs. Estudiantes\t<\/p>\n<p><strong>Fecha 2<\/strong><br \/>\nV\u00e9lez Vs. Alfa<br \/>\nEstudiantes Vs. Defensores<br \/>\nComunicaciones Vs. Independiente\t<\/p>\n<p><strong>Fecha 3<\/strong><br \/>\nAlfa Vs. Comunicaciones<br \/>\nIndependiente Vs. Estudiantes<br \/>\nDefensores Vs. V\u00e9lez\t<\/p>\n<p><strong>Fecha 4<\/strong><br \/>\nDefensores Vs. Alfa<br \/>\nV\u00e9lez Vs. Independiente<br \/>\nEstudiantes Vs. Comunicaciones\t<\/p>\n<p><strong>Fecha 5<\/strong><br \/>\nAlfa Vs. Estudiantes<br \/>\nComunicaciones Vs. V\u00e9lez<br \/>\nIndependiente Vs. Defensores\t<\/p>\n<p><strong>Fecha 6<\/strong><br \/>\nIndependiente Vs. Alfa<br \/>\nComunicaciones Vs. Defensores<br \/>\nEstudiantes Vs. V\u00e9lez<\/p>\n<p><strong>Fecha 7<\/strong><br \/>\nAlfa Vs. V\u00e9lez<br \/>\nDefensores Vs. Estudiantes<br \/>\nIndependiente Vs. Comunicaciones<\/p>\n<p><strong>Fecha 8<\/strong><br \/>\nComunicaciones Vs. Alfa<br \/>\nEstudiantes Vs. Independiente<br \/>\nV\u00e9lez Vs. Defensores<\/p>\n<p><strong>Fecha 9<\/strong><br \/>\nAlfa Vs. Defensores<br \/>\nIndependiente Vs. V\u00e9lez<br \/>\nComunicaciones Vs. Estudiantes<\/p>\n<p><strong>Fecha 10<\/strong><br \/>\nEstudiantes Vs. Alfa<br \/>\nV\u00e9lez Vs. Comunicaciones<br \/>\nDefensores Vs. Independiente<\/p>\n","protected":false},"excerpt":{"rendered":"<p>SUB 12 Fecha 1 Alfa Vs. Estudiantes V\u00e9lez Vs. Comunicaciones Fecha 2 Comunicaciones Vs. Alfa Estudiantes Vs. V\u00e9lez Fecha 3 Alfa Vs. V\u00e9lez Comunicaciones Vs. Estudiantes Fecha 4 Estudiantes Vs. Alfa Comunicaciones Vs. V\u00e9lez Sarsfield Fecha 5 Alfa Vs. Comunicaciones V\u00e9lez Vs. Estudiantes Fecha 6 V\u00e9lez Vs. Alfa Estudiantes Vs. Comunicaciones SUB 16 Fecha 1 Alfa Vs. Independiente Defensores Vs.<\/p>\n","protected":false},"author":2,"featured_media":0,"comment_status":"open","ping_status":"open","sticky":false,"template":"","format":"standard","meta":{"footnotes":""},"categories":[4],"tags":[],"class_list":["post-23148","post","type-post","status-publish","format-standard","hentry","category-informaciongeneral"],"_links":{"self":[{"href":"https:\/\/ligamercedina.com\/web\/wp-json\/wp\/v2\/posts\/23148","targetHints":{"allow":["GET"]}}],"collection":[{"href":"https:\/\/ligamercedina.com\/web\/wp-json\/wp\/v2\/posts"}],"about":[{"href":"https:\/\/ligamercedina.com\/web\/wp-json\/wp\/v2\/types\/post"}],"author":[{"embeddable":true,"href":"https:\/\/ligamercedina.com\/web\/wp-json\/wp\/v2\/users\/2"}],"replies":[{"embeddable":true,"href":"https:\/\/ligamercedina.com\/web\/wp-json\/wp\/v2\/comments?post=23148"}],"version-history":[{"count":4,"href":"https:\/\/ligamercedina.com\/web\/wp-json\/wp\/v2\/posts\/23148\/revisions"}],"predecessor-version":[{"id":23152,"href":"https:\/\/ligamercedina.com\/web\/wp-json\/wp\/v2\/posts\/23148\/revisions\/23152"}],"wp:attachment":[{"href":"https:\/\/ligamercedina.com\/web\/wp-json\/wp\/v2\/media?parent=23148"}],"wp:term":[{"taxonomy":"category","embeddable":true,"href":"https:\/\/ligamercedina.com\/web\/wp-json\/wp\/v2\/categories?post=23148"},{"taxonomy":"post_tag","embeddable":true,"href":"https:\/\/ligamercedina.com\/web\/wp-json\/wp\/v2\/tags?post=23148"}],"curies":[{"name":"wp","href":"https:\/\/api.w.org\/{rel}","templated":true}]}}