{"id":23098,"date":"2018-09-10T23:05:50","date_gmt":"2018-09-11T02:05:50","guid":{"rendered":"https:\/\/ligamercedina.com\/web\/?p=23098"},"modified":"2018-09-10T23:05:50","modified_gmt":"2018-09-11T02:05:50","slug":"concejo-deliberante-de-mercedes-distinguio-a-la-liga-en-sus-90-anos-de-vida","status":"publish","type":"post","link":"https:\/\/ligamercedina.com\/web\/concejo-deliberante-de-mercedes-distinguio-a-la-liga-en-sus-90-anos-de-vida\/","title":{"rendered":"CONCEJO DELIBERANTE DE MERCEDES DISTINGUIO A LA LIGA EN SUS 90 A\u00d1OS DE VIDA"},"content":{"rendered":"<p><strong>En la noche de este lunes, el Honorable Concejo Deliberante de la ciudad de Mercedes hizo un reconocimiento a la Liga Mercedina de F\u00fatbol al cumplirse el pasado 19 de agosto el 90 Aniversario de su fundaci\u00f3n. La sesi\u00f3n estuvo presidida por la concejal Celeste Burone, en reemplazo del natural Presidente Oscar Albini, quien por una situaci\u00f3n de salud no pudo estar presente.<br \/>\nEn representaci\u00f3n de la Liga Mercedina estuvieron Esteban Marcelo (Presidente), Jorge Cerfoglio (Vicepresidente), Daniel Figueredo (Secretario) y Daniel St\u00e9fano (Tesorero), quien recibieron la entrega de una bandeja alusiva.<\/p>\n<p>Desde la Liga Mercedina se agradeci\u00f3 a los ediles por la iniciativa y el acompa\u00f1amiento de todos los bloques, a la vez que se resalt\u00f3 el trabajo de todos aquellos que desde 1928 han forjado el constante crecimiento del f\u00fatbol oficial en la ciudad de Mercedes, y que alberga a m\u00e1s de 3 mil jugadores.<\/strong><\/p>\n<p><a href=\"https:\/\/ligamercedina.com\/web\/wp-content\/uploads\/2018\/09\/distincion.jpg\"><img loading=\"lazy\" decoding=\"async\" src=\"https:\/\/ligamercedina.com\/web\/wp-content\/uploads\/2018\/09\/distincion.jpg\" alt=\"\" width=\"988\" height=\"741\" class=\"aligncenter size-full wp-image-23094\" srcset=\"https:\/\/ligamercedina.com\/web\/wp-content\/uploads\/2018\/09\/distincion.jpg 988w, https:\/\/ligamercedina.com\/web\/wp-content\/uploads\/2018\/09\/distincion-300x225.jpg 300w, https:\/\/ligamercedina.com\/web\/wp-content\/uploads\/2018\/09\/distincion-768x576.jpg 768w\" sizes=\"auto, (max-width: 988px) 100vw, 988px\" \/><\/a> <em>Momento en que autoridades del Concejo Deliberante de Mercedes distinguen a la Liga Mercedina. (Foto Gentileza Clarisa Altieri)<\/em><\/p>\n","protected":false},"excerpt":{"rendered":"<p>En la noche de este lunes, el Honorable Concejo Deliberante de la ciudad de Mercedes hizo un reconocimiento a la Liga Mercedina de F\u00fatbol al cumplirse el pasado 19 de agosto el 90 Aniversario de su fundaci\u00f3n. La sesi\u00f3n estuvo presidida por la concejal Celeste Burone, en reemplazo del natural Presidente Oscar Albini, quien por una situaci\u00f3n de salud no<\/p>\n","protected":false},"author":2,"featured_media":0,"comment_status":"open","ping_status":"open","sticky":false,"template":"","format":"standard","meta":{"footnotes":""},"categories":[4],"tags":[],"class_list":["post-23098","post","type-post","status-publish","format-standard","hentry","category-informaciongeneral"],"_links":{"self":[{"href":"https:\/\/ligamercedina.com\/web\/wp-json\/wp\/v2\/posts\/23098","targetHints":{"allow":["GET"]}}],"collection":[{"href":"https:\/\/ligamercedina.com\/web\/wp-json\/wp\/v2\/posts"}],"about":[{"href":"https:\/\/ligamercedina.com\/web\/wp-json\/wp\/v2\/types\/post"}],"author":[{"embeddable":true,"href":"https:\/\/ligamercedina.com\/web\/wp-json\/wp\/v2\/users\/2"}],"replies":[{"embeddable":true,"href":"https:\/\/ligamercedina.com\/web\/wp-json\/wp\/v2\/comments?post=23098"}],"version-history":[{"count":1,"href":"https:\/\/ligamercedina.com\/web\/wp-json\/wp\/v2\/posts\/23098\/revisions"}],"predecessor-version":[{"id":23099,"href":"https:\/\/ligamercedina.com\/web\/wp-json\/wp\/v2\/posts\/23098\/revisions\/23099"}],"wp:attachment":[{"href":"https:\/\/ligamercedina.com\/web\/wp-json\/wp\/v2\/media?parent=23098"}],"wp:term":[{"taxonomy":"category","embeddable":true,"href":"https:\/\/ligamercedina.com\/web\/wp-json\/wp\/v2\/categories?post=23098"},{"taxonomy":"post_tag","embeddable":true,"href":"https:\/\/ligamercedina.com\/web\/wp-json\/wp\/v2\/tags?post=23098"}],"curies":[{"name":"wp","href":"https:\/\/api.w.org\/{rel}","templated":true}]}}