{"id":23089,"date":"2018-09-10T22:49:47","date_gmt":"2018-09-11T01:49:47","guid":{"rendered":"https:\/\/ligamercedina.com\/web\/?p=23089"},"modified":"2018-09-12T09:31:54","modified_gmt":"2018-09-12T12:31:54","slug":"horarios-para-el-fin-de-semana-160","status":"publish","type":"post","link":"https:\/\/ligamercedina.com\/web\/horarios-para-el-fin-de-semana-160\/","title":{"rendered":"HORARIOS PARA EL FIN DE SEMANA"},"content":{"rendered":"<blockquote><p><strong>PRIMERA DIVISION \u2013FINAL IDA-<\/strong><\/p><\/blockquote>\n<p><em><strong>S\u00e1bado o domingo cancha Liga Mercedina o Juventud<\/strong><\/em><br \/>\nSi es en la Liga, ir\u00e1 el s\u00e1bado a  las 18 horas. (Puede modificarse horario si hay partido extra en Primera)<\/p>\n<p><em><strong>Partido por clasificaci\u00f3n al Regional Amateur \u2013DE SER NECESARIO-<\/strong><\/em><br \/>\n(Se juega si Juventud y Trocha quedan eliminados en Semifinales)<br \/>\nS\u00e1bado o domingo cancha Liga Juventud<\/p>\n<blockquote><p><strong>RESERVA \u2013SEMIFINALES-<\/strong><\/p><\/blockquote>\n<p><em><strong>S\u00e1bado 15 de septiembre, cancha Liga Mercedina<\/strong><\/em><br \/>\n16:00 hs. AMEFIP Vs. Pabell\u00f3n Argentino (Puede modificarse horario si hay partido extra en Primera)<\/p>\n<p><em><strong>Domingo 16 de septiembre, cancha Atl\u00e9tico Marcos Paz<\/strong><\/em><br \/>\n15 hs. Atl\u00e9tico Marcos Paz Vs. Quilmes<\/p>\n<blockquote><p><strong>INFANTIL<\/strong><\/p><\/blockquote>\n<p>Juventud Vs. Mercedes \u201cA\u201d<br \/>\nPalometas Vs. Estudiantes \u2013 en cancha de Ateneo &#8211;<br \/>\nMercedes Vs. El Front\u00f3n<br \/>\n13:00 hs. Categor\u00eda Promocional<br \/>\n14:00 hs. Categor\u00eda 2009<br \/>\n15:00 hs. Categor\u00eda 2008<br \/>\n16:00 hs. Categor\u00eda 2007<\/p>\n<p>V\u00e9lez Vs. Los Vascos<br \/>\n12:00 hs. Categor\u00eda Promocional<br \/>\n13:00 hs. Categor\u00eda 2009<br \/>\n14:00 hs. Categor\u00eda 2008<br \/>\n15:00 hs. Categor\u00eda 2007<\/p>\n<p>* Quilmes &#8211; Holanda (a\u00fan resta confirmar participaci\u00f3n)<\/p>\n<blockquote><p><strong>JUVENILES<\/strong><\/p><\/blockquote>\n<p>Palometas Vs. Estudiantes \u2013 en cancha de Ateneo &#8211;<br \/>\nMercedes Vs. El Front\u00f3n<br \/>\nPabell\u00f3n Argentino &#8211; Ateneo<br \/>\n11:00 hs. Categor\u00eda 2004<br \/>\n12:15 hs. Categor\u00eda 2005<br \/>\n13:30 hs. Categor\u00eda 2006<br \/>\n14:45 hs. Categor\u00eda 2003<br \/>\n16:00 hs. Categor\u00eda 5\u00aa Divisi\u00f3n<\/p>\n<p>V\u00e9lez Vs. Los Vascos<br \/>\n11:00 hs. Categor\u00eda 2004<br \/>\n12:15 hs. Categor\u00eda 2003<br \/>\n13:30 hs. Categor\u00eda 2006<\/p>\n<p>Juventud Vs. Mercedes \u201cA\u201d<br \/>\n12:00 hs. Categor\u00eda 2005<br \/>\n13:15 hs. Categor\u00eda 2006<br \/>\n14:30 hs. Categor\u00eda 2003<br \/>\n15:45 hs. Categor\u00eda 5\u00aa Divisi\u00f3n<\/p>\n<p>A jugar entre semana Categor\u00eda 2004<\/p>\n<p>Quilmes Vs. Atl\u00e9tico Marcos Paz<br \/>\n11:00 hs. Categor\u00eda 2006<br \/>\n12:15 hs. Categor\u00eda 2005<br \/>\n13:30 hs. Categor\u00eda 2004<br \/>\n14:45 hs. Categor\u00eda 5\u00aa Divisi\u00f3n<\/p>\n<p><strong>PARTIDOS ENTRE UNION \u2013 COMUNICACIONES QUEDARON POSTERGADOS, SE DISPUTARAN DURANTE EL FERIADO DE OCTUBRE<\/strong><\/p>\n","protected":false},"excerpt":{"rendered":"<p>PRIMERA DIVISION \u2013FINAL IDA- S\u00e1bado o domingo cancha Liga Mercedina o Juventud Si es en la Liga, ir\u00e1 el s\u00e1bado a las 18 horas. (Puede modificarse horario si hay partido extra en Primera) Partido por clasificaci\u00f3n al Regional Amateur \u2013DE SER NECESARIO- (Se juega si Juventud y Trocha quedan eliminados en Semifinales) S\u00e1bado o domingo cancha Liga Juventud RESERVA \u2013SEMIFINALES-<\/p>\n","protected":false},"author":2,"featured_media":0,"comment_status":"open","ping_status":"open","sticky":false,"template":"","format":"standard","meta":{"footnotes":""},"categories":[4],"tags":[],"class_list":["post-23089","post","type-post","status-publish","format-standard","hentry","category-informaciongeneral"],"_links":{"self":[{"href":"https:\/\/ligamercedina.com\/web\/wp-json\/wp\/v2\/posts\/23089","targetHints":{"allow":["GET"]}}],"collection":[{"href":"https:\/\/ligamercedina.com\/web\/wp-json\/wp\/v2\/posts"}],"about":[{"href":"https:\/\/ligamercedina.com\/web\/wp-json\/wp\/v2\/types\/post"}],"author":[{"embeddable":true,"href":"https:\/\/ligamercedina.com\/web\/wp-json\/wp\/v2\/users\/2"}],"replies":[{"embeddable":true,"href":"https:\/\/ligamercedina.com\/web\/wp-json\/wp\/v2\/comments?post=23089"}],"version-history":[{"count":6,"href":"https:\/\/ligamercedina.com\/web\/wp-json\/wp\/v2\/posts\/23089\/revisions"}],"predecessor-version":[{"id":23161,"href":"https:\/\/ligamercedina.com\/web\/wp-json\/wp\/v2\/posts\/23089\/revisions\/23161"}],"wp:attachment":[{"href":"https:\/\/ligamercedina.com\/web\/wp-json\/wp\/v2\/media?parent=23089"}],"wp:term":[{"taxonomy":"category","embeddable":true,"href":"https:\/\/ligamercedina.com\/web\/wp-json\/wp\/v2\/categories?post=23089"},{"taxonomy":"post_tag","embeddable":true,"href":"https:\/\/ligamercedina.com\/web\/wp-json\/wp\/v2\/tags?post=23089"}],"curies":[{"name":"wp","href":"https:\/\/api.w.org\/{rel}","templated":true}]}}