{"id":23087,"date":"2018-09-10T22:08:40","date_gmt":"2018-09-11T01:08:40","guid":{"rendered":"https:\/\/ligamercedina.com\/web\/?p=23087"},"modified":"2018-09-10T22:08:40","modified_gmt":"2018-09-11T01:08:40","slug":"infanto-juvenil-grupos-y-fixture-para-el-clausura","status":"publish","type":"post","link":"https:\/\/ligamercedina.com\/web\/infanto-juvenil-grupos-y-fixture-para-el-clausura\/","title":{"rendered":"INFANTO &#8211; JUVENIL: GRUPOS Y FIXTURE PARA EL CLAUSURA"},"content":{"rendered":"<p><strong>GRUPO \u201cA\u201d:<\/strong> Pabell\u00f3n Argentino de Marcos Paz, Ateneo, Juventud, Mercedes \u201cA\u201d, Palometas, Estudiantes, Defensores.<\/p>\n<p><strong>Fecha: 1 <\/strong><br \/>\nPabell\u00f3n Argentino Vs. Ateneo<br \/>\nJuventud Vs. Mercedes \u201cA\u201d<br \/>\nPalometas Vs. Estudiantes<br \/>\nLibre: Defensores<\/p>\n<p><strong>Fecha 2<\/strong><br \/>\nAteneo Vs. Defensores<br \/>\nEstudiantes Vs. Juventud<br \/>\nMercedes \u201cA\u201d Vs. Pabell\u00f3n Argentino<br \/>\nLibre: Palometas<\/p>\n<p><strong>Fecha 3<\/strong><br \/>\nAteneo Vs. Estudiantes<br \/>\nDefensores Vs. Palometas<br \/>\nJuventud Vs. Pabell\u00f3n Argentino<br \/>\nLibre: Mercedes \u201cA\u201d<\/p>\n<p><strong>Fecha 4<\/strong><br \/>\nPalometas Vs. Mercedes \u201cA\u201d<br \/>\nJuventud Vs. Ateneo<br \/>\nPabell\u00f3n Argentino Vs. Defensores<br \/>\nLibre: Estudiantes<\/p>\n<p><strong>Fecha 5<\/strong><br \/>\nMercedes \u201cA\u201d Vs. Defensores<br \/>\nEstudiantes Vs. Pabell\u00f3n Argentino<br \/>\nPalometas Vs. Juventud<br \/>\nLibre: Ateneo<\/p>\n<p><strong>Fecha 6<\/strong><br \/>\nPalometas Vs. Pabell\u00f3n Argentino<br \/>\nDefensores Vs. Estudiantes<br \/>\nMercedes \u201cA\u201d Vs. Ateneo<br \/>\nLibre: Juventud<\/p>\n<p><strong>Fecha 7<\/strong><br \/>\nDefensores Vs. Juventud<br \/>\nAteneo Vs. Palometas<br \/>\nEstudiantes Vs. Mercedes \u201cA\u201d<br \/>\nLibre: Pabell\u00f3n Argentino<\/p>\n<p><strong>GRUPO \u201cB\u201d:<\/strong>  Mercedes, Los Vascos, Quilmes, El Front\u00f3n, Atl\u00e9tico Marcos Paz, Comunicaciones, Uni\u00f3n, V\u00e9lez Sarsfield.<\/p>\n<p><strong>Fecha 1<\/strong><br \/>\nV\u00e9lez Vs. Los Vascos<br \/>\nQuilmes Vs. Atl\u00e9tico Marcos Paz<br \/>\nMercedes Vs. El Front\u00f3n<br \/>\nUni\u00f3n Vs. Comunicaciones<\/p>\n<p><strong>Fecha 2<\/strong><br \/>\nComunicaciones Vs. Mercedes<br \/>\nV\u00e9lez Vs. Atl\u00e9tico Marcos Paz<br \/>\nEl Front\u00f3n Vs. Los Vascos<br \/>\nUni\u00f3n Vs. Quilmes<\/p>\n<p><strong>Fecha 3<\/strong><br \/>\nComunicaciones Vs. El Front\u00f3n<br \/>\nLos Vascos Vs. Quilmes<br \/>\nMercedes Vs. V\u00e9lez<br \/>\nAtl\u00e9tico Marcos Paz Vs. Uni\u00f3n<\/p>\n<p><strong>Fecha 4<\/strong><br \/>\nMercedes Vs. Los Vascos<br \/>\nQuilmes Vs. El Front\u00f3n<br \/>\nAtl\u00e9tico Marcos Paz Vs. Comunicaciones<br \/>\nUni\u00f3n Vs. V\u00e9lez<\/p>\n<p><strong>Fecha 5<\/strong><br \/>\nEl Front\u00f3n Vs. V\u00e9lez<br \/>\nAtl\u00e9tico Marcos Paz. Vs. Mercedes<br \/>\nQuilmes Vs. Comunicaciones<br \/>\nUni\u00f3n Vs. Los Vascos<\/p>\n<p><strong>Fecha 6<\/strong><br \/>\nLos Vascos Vs. Atl\u00e9tico Marcos Paz<br \/>\nComunicaciones Vs. V\u00e9lez<br \/>\nQuilmes Vs. Mercedes<br \/>\nEl Front\u00f3n Vs. Uni\u00f3n<\/p>\n<p><strong>Fecha 7<\/strong><br \/>\nV\u00e9lez Vs. Quilmes<br \/>\nLos Vascos Vs. Comunicaciones<br \/>\nAtl\u00e9tico Marcos Paz Vs. El Front\u00f3n<br \/>\nMercedes Vs. Uni\u00f3n<\/p>\n","protected":false},"excerpt":{"rendered":"<p>GRUPO \u201cA\u201d: Pabell\u00f3n Argentino de Marcos Paz, Ateneo, Juventud, Mercedes \u201cA\u201d, Palometas, Estudiantes, Defensores. Fecha: 1 Pabell\u00f3n Argentino Vs. Ateneo Juventud Vs. Mercedes \u201cA\u201d Palometas Vs. Estudiantes Libre: Defensores Fecha 2 Ateneo Vs. Defensores Estudiantes Vs. Juventud Mercedes \u201cA\u201d Vs. Pabell\u00f3n Argentino Libre: Palometas Fecha 3 Ateneo Vs. Estudiantes Defensores Vs. Palometas Juventud Vs. Pabell\u00f3n Argentino Libre: Mercedes \u201cA\u201d Fecha<\/p>\n","protected":false},"author":2,"featured_media":0,"comment_status":"open","ping_status":"open","sticky":false,"template":"","format":"standard","meta":{"footnotes":""},"categories":[4],"tags":[],"class_list":["post-23087","post","type-post","status-publish","format-standard","hentry","category-informaciongeneral"],"_links":{"self":[{"href":"https:\/\/ligamercedina.com\/web\/wp-json\/wp\/v2\/posts\/23087","targetHints":{"allow":["GET"]}}],"collection":[{"href":"https:\/\/ligamercedina.com\/web\/wp-json\/wp\/v2\/posts"}],"about":[{"href":"https:\/\/ligamercedina.com\/web\/wp-json\/wp\/v2\/types\/post"}],"author":[{"embeddable":true,"href":"https:\/\/ligamercedina.com\/web\/wp-json\/wp\/v2\/users\/2"}],"replies":[{"embeddable":true,"href":"https:\/\/ligamercedina.com\/web\/wp-json\/wp\/v2\/comments?post=23087"}],"version-history":[{"count":1,"href":"https:\/\/ligamercedina.com\/web\/wp-json\/wp\/v2\/posts\/23087\/revisions"}],"predecessor-version":[{"id":23088,"href":"https:\/\/ligamercedina.com\/web\/wp-json\/wp\/v2\/posts\/23087\/revisions\/23088"}],"wp:attachment":[{"href":"https:\/\/ligamercedina.com\/web\/wp-json\/wp\/v2\/media?parent=23087"}],"wp:term":[{"taxonomy":"category","embeddable":true,"href":"https:\/\/ligamercedina.com\/web\/wp-json\/wp\/v2\/categories?post=23087"},{"taxonomy":"post_tag","embeddable":true,"href":"https:\/\/ligamercedina.com\/web\/wp-json\/wp\/v2\/tags?post=23087"}],"curies":[{"name":"wp","href":"https:\/\/api.w.org\/{rel}","templated":true}]}}